{"id":97894,"date":"2025-08-05T23:51:08","date_gmt":"2025-08-05T23:51:08","guid":{"rendered":"https:\/\/estado29.mx\/?p=97894"},"modified":"2025-08-05T23:51:40","modified_gmt":"2025-08-05T23:51:40","slug":"ortalece-gobierno-de-alfonso-sanchez-garcia-economia-local-con-mercados-juvenil-y-comunitario","status":"publish","type":"post","link":"https:\/\/estado29.mx\/?p=97894","title":{"rendered":"FORTALECE GOBIERNO DE ALFONSO S\u00c1NCHEZ GARC\u00cdA ECONOM\u00cdA LOCAL CON MERCADOS JUVENIL Y COMUNITARIO"},"content":{"rendered":"<figure class=\"wp-block-post-featured-image\"><img loading=\"lazy\" decoding=\"async\" width=\"1280\" height=\"853\" src=\"https:\/\/estado29.mx\/wp-content\/uploads\/2025\/08\/WhatsApp-Image-2025-07-29-at-8.40.18-PM.jpeg\" class=\"attachment-post-thumbnail size-post-thumbnail wp-post-image\" alt=\"\" style=\"object-fit:cover;\" srcset=\"https:\/\/estado29.mx\/wp-content\/uploads\/2025\/08\/WhatsApp-Image-2025-07-29-at-8.40.18-PM.jpeg 1280w, https:\/\/estado29.mx\/wp-content\/uploads\/2025\/08\/WhatsApp-Image-2025-07-29-at-8.40.18-PM-300x200.jpeg 300w, https:\/\/estado29.mx\/wp-content\/uploads\/2025\/08\/WhatsApp-Image-2025-07-29-at-8.40.18-PM-1024x682.jpeg 1024w, https:\/\/estado29.mx\/wp-content\/uploads\/2025\/08\/WhatsApp-Image-2025-07-29-at-8.40.18-PM-768x512.jpeg 768w, https:\/\/estado29.mx\/wp-content\/uploads\/2025\/08\/WhatsApp-Image-2025-07-29-at-8.40.18-PM-750x500.jpeg 750w, https:\/\/estado29.mx\/wp-content\/uploads\/2025\/08\/WhatsApp-Image-2025-07-29-at-8.40.18-PM-1140x760.jpeg 1140w\" sizes=\"auto, (max-width: 1280px) 100vw, 1280px\" \/><\/figure>\n\n\n<p>Con el impulso del presidente municipal Alfonso S\u00e1nchez Garc\u00eda, el Ayuntamiento de Tlaxcala reforz\u00f3 esta semana sus acciones para dinamizar la econom\u00eda local mediante dos estrategias complementarias: el Mercado Joven y el Mercado Social, realizados en distintos puntos de la capital.<\/p>\n\n\n\n<p>El lunes 28 y martes 29 de julio, m\u00e1s de 55 j\u00f3venes emprendedores participaron en una nueva edici\u00f3n del Mercado Joven, organizado por el Instituto Municipal de la Juventud. El evento tuvo lugar en la explanada del mercado \u201cEmilio S\u00e1nchez Piedras\u201d, donde los asistentes pudieron adquirir productos elaborados por j\u00f3venes de entre 18 y 29 a\u00f1os.<\/p>\n\n\n\n<p>Esta iniciativa, que se realiza de manera mensual por instrucci\u00f3n del alcalde, forma parte del Plan de Desarrollo Municipal y ha beneficiado a m\u00e1s de 80 emprendedores en lo que va del a\u00f1o.<\/p>\n\n\n\n<p>De forma paralela, este martes 29 de julio se llev\u00f3 a cabo una edici\u00f3n m\u00e1s del Mercado Social en la explanada de la iglesia de Santa Mar\u00eda Acuitlapilco, la cual fue coordinada por la Direcci\u00f3n de Econom\u00eda y Emprendimiento Social.<\/p>\n\n\n\n<p>Este mercado tiene como objetivo conectar directamente a productores locales con consumidores, con lo que se eliminaron intermediarios y promovieron precios justos. La oferta incluy\u00f3 productos frescos, procesados y artesanales, elaborados bajo principios de comercio justo y sostenibilidad.<\/p>\n\n\n\n<p>Ambas acciones responden al objetivo del presidente municipal Alfonso S\u00e1nchez Garc\u00eda, quien busca el fortalecimiento de las econom\u00edas locales, el autoempleo y la inclusi\u00f3n productiva.<\/p>\n","protected":false},"excerpt":{"rendered":"<p>Con el impulso del presidente municipal Alfonso S\u00e1nchez Garc\u00eda, el Ayuntamiento de Tlaxcala reforz\u00f3 esta semana sus acciones para dinamizar la econom\u00eda local mediante dos estrategias complementarias: el Mercado Joven y el Mercado Social, realizados en distintos puntos de la capital. El lunes 28 y martes 29 de julio, m\u00e1s de 55 j\u00f3venes emprendedores participaron [&hellip;]<\/p>\n","protected":false},"author":4,"featured_media":97895,"comment_status":"open","ping_status":"open","sticky":false,"template":"","format":"standard","meta":{"om_disable_all_campaigns":false,"_monsterinsights_skip_tracking":false,"_monsterinsights_sitenote_active":false,"_monsterinsights_sitenote_note":"","_monsterinsights_sitenote_category":0,"jnews-multi-image_gallery":[],"jnews_single_post":{"format":"standard"},"jnews_primary_category":[],"footnotes":""},"categories":[1],"tags":[],"class_list":["post-97894","post","type-post","status-publish","format-standard","has-post-thumbnail","hentry","category-uncategorized"],"aioseo_notices":[],"_links":{"self":[{"href":"https:\/\/estado29.mx\/index.php?rest_route=\/wp\/v2\/posts\/97894","targetHints":{"allow":["GET"]}}],"collection":[{"href":"https:\/\/estado29.mx\/index.php?rest_route=\/wp\/v2\/posts"}],"about":[{"href":"https:\/\/estado29.mx\/index.php?rest_route=\/wp\/v2\/types\/post"}],"author":[{"embeddable":true,"href":"https:\/\/estado29.mx\/index.php?rest_route=\/wp\/v2\/users\/4"}],"replies":[{"embeddable":true,"href":"https:\/\/estado29.mx\/index.php?rest_route=%2Fwp%2Fv2%2Fcomments&post=97894"}],"version-history":[{"count":2,"href":"https:\/\/estado29.mx\/index.php?rest_route=\/wp\/v2\/posts\/97894\/revisions"}],"predecessor-version":[{"id":97897,"href":"https:\/\/estado29.mx\/index.php?rest_route=\/wp\/v2\/posts\/97894\/revisions\/97897"}],"wp:featuredmedia":[{"embeddable":true,"href":"https:\/\/estado29.mx\/index.php?rest_route=\/wp\/v2\/media\/97895"}],"wp:attachment":[{"href":"https:\/\/estado29.mx\/index.php?rest_route=%2Fwp%2Fv2%2Fmedia&parent=97894"}],"wp:term":[{"taxonomy":"category","embeddable":true,"href":"https:\/\/estado29.mx\/index.php?rest_route=%2Fwp%2Fv2%2Fcategories&post=97894"},{"taxonomy":"post_tag","embeddable":true,"href":"https:\/\/estado29.mx\/index.php?rest_route=%2Fwp%2Fv2%2Ftags&post=97894"}],"curies":[{"name":"wp","href":"https:\/\/api.w.org\/{rel}","templated":true}]}}