{"id":97904,"date":"2025-08-05T23:53:34","date_gmt":"2025-08-05T23:53:34","guid":{"rendered":"https:\/\/estado29.mx\/?p=97904"},"modified":"2025-08-05T23:53:35","modified_gmt":"2025-08-05T23:53:35","slug":"mejora-ayuntamiento-de-tlaxcala-alumbrado-publico-en-bulevar-del-maestro-la-loma-y-zona-de-artesanias","status":"publish","type":"post","link":"https:\/\/estado29.mx\/?p=97904","title":{"rendered":"MEJORA AYUNTAMIENTO DE TLAXCALA ALUMBRADO P\u00daBLICO EN BULEVAR DEL MAESTRO, LA LOMA Y ZONA DE ARTESAN\u00cdAS"},"content":{"rendered":"<figure class=\"wp-block-post-featured-image\"><img loading=\"lazy\" decoding=\"async\" width=\"898\" height=\"599\" src=\"https:\/\/estado29.mx\/wp-content\/uploads\/2025\/08\/WhatsApp-Image-2025-07-31-at-4.28.18-PM.jpeg\" class=\"attachment-post-thumbnail size-post-thumbnail wp-post-image\" alt=\"\" style=\"object-fit:cover;\" srcset=\"https:\/\/estado29.mx\/wp-content\/uploads\/2025\/08\/WhatsApp-Image-2025-07-31-at-4.28.18-PM.jpeg 898w, https:\/\/estado29.mx\/wp-content\/uploads\/2025\/08\/WhatsApp-Image-2025-07-31-at-4.28.18-PM-300x200.jpeg 300w, https:\/\/estado29.mx\/wp-content\/uploads\/2025\/08\/WhatsApp-Image-2025-07-31-at-4.28.18-PM-768x512.jpeg 768w, https:\/\/estado29.mx\/wp-content\/uploads\/2025\/08\/WhatsApp-Image-2025-07-31-at-4.28.18-PM-750x500.jpeg 750w\" sizes=\"auto, (max-width: 898px) 100vw, 898px\" \/><\/figure>\n\n\n<p>A fin de garantizar espacios m\u00e1s iluminados y seguros, el Ayuntamiento de Tlaxcala, encabezado por el presidente municipal Alfonso S\u00e1nchez Garc\u00eda, llev\u00f3 a cabo esta semana una jornada de rehabilitaci\u00f3n de luminarias en calles de La Loma Xicoht\u00e9ncatl, el Bulevar del Maestro, la zona de Artesan\u00edas y la calle Emilio S\u00e1nchez Piedras, que conecta directamente con el mercado capitalino y que registra un importante flujo peatonal y vehicular.<\/p>\n\n\n\n<p>Esta acci\u00f3n fue coordinada por la Direcci\u00f3n de Servicios P\u00fablicos como parte de los trabajos permanentes en materia de mantenimiento urbano, que se suman a jornadas integrales de limpieza.<\/p>\n\n\n\n<p>Estas acciones dan respuesta a los reportes ciudadanos y a la informaci\u00f3n t\u00e9cnica que se recaba a trav\u00e9s de diferentes recorridos, por lo que de esta forma se atienden las instrucciones del alcalde Alfonso S\u00e1nchez Garc\u00eda, quien ha reiterado que un entorno bien iluminado mejora la imagen urbana y tambi\u00e9n fortalece la seguridad para peatones y automovilistas.<\/p>\n\n\n\n<p>El Ayuntamiento adelant\u00f3 que los trabajos de mantenimiento del alumbrado continuar\u00e1n de forma permanente, con especial atenci\u00f3n en La Loma Xicoht\u00e9ncatl y el centro de la ciudad, zonas de alta movilidad.<\/p>\n\n\n\n<p>Con estas acciones, la administraci\u00f3n municipal trabaja de forma constante para atender reportes ciudadanos y prevenir riesgos en el espacio p\u00fablico, siempre en beneficio de las familias capitalinas.<\/p>\n","protected":false},"excerpt":{"rendered":"<p>A fin de garantizar espacios m\u00e1s iluminados y seguros, el Ayuntamiento de Tlaxcala, encabezado por el presidente municipal Alfonso S\u00e1nchez Garc\u00eda, llev\u00f3 a cabo esta semana una jornada de rehabilitaci\u00f3n de luminarias en calles de La Loma Xicoht\u00e9ncatl, el Bulevar del Maestro, la zona de Artesan\u00edas y la calle Emilio S\u00e1nchez Piedras, que conecta directamente [&hellip;]<\/p>\n","protected":false},"author":4,"featured_media":97905,"comment_status":"open","ping_status":"open","sticky":false,"template":"","format":"standard","meta":{"om_disable_all_campaigns":false,"_monsterinsights_skip_tracking":false,"_monsterinsights_sitenote_active":false,"_monsterinsights_sitenote_note":"","_monsterinsights_sitenote_category":0,"jnews-multi-image_gallery":[],"jnews_single_post":{"format":"standard"},"jnews_primary_category":[],"footnotes":""},"categories":[1],"tags":[],"class_list":["post-97904","post","type-post","status-publish","format-standard","has-post-thumbnail","hentry","category-uncategorized"],"aioseo_notices":[],"_links":{"self":[{"href":"https:\/\/estado29.mx\/index.php?rest_route=\/wp\/v2\/posts\/97904","targetHints":{"allow":["GET"]}}],"collection":[{"href":"https:\/\/estado29.mx\/index.php?rest_route=\/wp\/v2\/posts"}],"about":[{"href":"https:\/\/estado29.mx\/index.php?rest_route=\/wp\/v2\/types\/post"}],"author":[{"embeddable":true,"href":"https:\/\/estado29.mx\/index.php?rest_route=\/wp\/v2\/users\/4"}],"replies":[{"embeddable":true,"href":"https:\/\/estado29.mx\/index.php?rest_route=%2Fwp%2Fv2%2Fcomments&post=97904"}],"version-history":[{"count":1,"href":"https:\/\/estado29.mx\/index.php?rest_route=\/wp\/v2\/posts\/97904\/revisions"}],"predecessor-version":[{"id":97906,"href":"https:\/\/estado29.mx\/index.php?rest_route=\/wp\/v2\/posts\/97904\/revisions\/97906"}],"wp:featuredmedia":[{"embeddable":true,"href":"https:\/\/estado29.mx\/index.php?rest_route=\/wp\/v2\/media\/97905"}],"wp:attachment":[{"href":"https:\/\/estado29.mx\/index.php?rest_route=%2Fwp%2Fv2%2Fmedia&parent=97904"}],"wp:term":[{"taxonomy":"category","embeddable":true,"href":"https:\/\/estado29.mx\/index.php?rest_route=%2Fwp%2Fv2%2Fcategories&post=97904"},{"taxonomy":"post_tag","embeddable":true,"href":"https:\/\/estado29.mx\/index.php?rest_route=%2Fwp%2Fv2%2Ftags&post=97904"}],"curies":[{"name":"wp","href":"https:\/\/api.w.org\/{rel}","templated":true}]}}