{"id":97907,"date":"2025-08-05T23:55:33","date_gmt":"2025-08-05T23:55:33","guid":{"rendered":"https:\/\/estado29.mx\/?p=97907"},"modified":"2025-08-05T23:55:34","modified_gmt":"2025-08-05T23:55:34","slug":"el-presidente-municipal-de-tlaxcala-alfonso-sanchez-garcia-participo-en-la-mesa-de-construccion-de-paz-y-seguridad","status":"publish","type":"post","link":"https:\/\/estado29.mx\/?p=97907","title":{"rendered":"El presidente municipal de Tlaxcala, Alfonso S\u00e1nchez Garc\u00eda, particip\u00f3 en la Mesa de Construcci\u00f3n de Paz y Seguridad"},"content":{"rendered":"<figure class=\"wp-block-post-featured-image\"><img loading=\"lazy\" decoding=\"async\" width=\"1280\" height=\"853\" src=\"https:\/\/estado29.mx\/wp-content\/uploads\/2025\/08\/WhatsApp-Image-2025-08-01-at-9.03.31-PM.jpeg\" class=\"attachment-post-thumbnail size-post-thumbnail wp-post-image\" alt=\"\" style=\"object-fit:cover;\" srcset=\"https:\/\/estado29.mx\/wp-content\/uploads\/2025\/08\/WhatsApp-Image-2025-08-01-at-9.03.31-PM.jpeg 1280w, https:\/\/estado29.mx\/wp-content\/uploads\/2025\/08\/WhatsApp-Image-2025-08-01-at-9.03.31-PM-300x200.jpeg 300w, https:\/\/estado29.mx\/wp-content\/uploads\/2025\/08\/WhatsApp-Image-2025-08-01-at-9.03.31-PM-1024x682.jpeg 1024w, https:\/\/estado29.mx\/wp-content\/uploads\/2025\/08\/WhatsApp-Image-2025-08-01-at-9.03.31-PM-768x512.jpeg 768w, https:\/\/estado29.mx\/wp-content\/uploads\/2025\/08\/WhatsApp-Image-2025-08-01-at-9.03.31-PM-750x500.jpeg 750w, https:\/\/estado29.mx\/wp-content\/uploads\/2025\/08\/WhatsApp-Image-2025-08-01-at-9.03.31-PM-1140x760.jpeg 1140w\" sizes=\"auto, (max-width: 1280px) 100vw, 1280px\" \/><\/figure>\n\n\n<p>El presidente municipal de Tlaxcala, Alfonso S\u00e1nchez Garc\u00eda, particip\u00f3 en la Mesa de Construcci\u00f3n de Paz y Seguridad en la Mesa de Construcci\u00f3n de Paz y Seguridad, realizada en el municipio de Tepeyanco, con el objetivo de fortalecer la coordinaci\u00f3n intermunicipal en materia de seguridad p\u00fablica y prevenci\u00f3n del delito. Durante el encuentro, al que acudieron representantes de los tres \u00f3rdenes de gobierno, se revisaron estrategias conjuntas para atender de manera oportuna los desaf\u00edos en materia de seguridad que enfrentan los municipios de la regi\u00f3n centro del estado. El alcalde capitalino refrend\u00f3 su compromiso de seguir impulsando acciones efectivas desde el Gobierno Municipal para salvaguardar la integridad de las familias tlaxcaltecas, con \u00e9nfasis en el trabajo preventivo y la presencia policial en zonas estrat\u00e9gicas. Estas mesas regionales permiten alinear esfuerzos, compartir informaci\u00f3n y generar respuestas m\u00e1s contundentes en beneficio de la ciudadan\u00eda.<\/p>\n","protected":false},"excerpt":{"rendered":"<p>El presidente municipal de Tlaxcala, Alfonso S\u00e1nchez Garc\u00eda, particip\u00f3 en la Mesa de Construcci\u00f3n de Paz y Seguridad en la Mesa de Construcci\u00f3n de Paz y Seguridad, realizada en el municipio de Tepeyanco, con el objetivo de fortalecer la coordinaci\u00f3n intermunicipal en materia de seguridad p\u00fablica y prevenci\u00f3n del delito. Durante el encuentro, al que [&hellip;]<\/p>\n","protected":false},"author":4,"featured_media":97908,"comment_status":"open","ping_status":"open","sticky":false,"template":"","format":"standard","meta":{"om_disable_all_campaigns":false,"_monsterinsights_skip_tracking":false,"_monsterinsights_sitenote_active":false,"_monsterinsights_sitenote_note":"","_monsterinsights_sitenote_category":0,"jnews-multi-image_gallery":[],"jnews_single_post":{"format":"standard"},"jnews_primary_category":[],"footnotes":""},"categories":[1],"tags":[],"class_list":["post-97907","post","type-post","status-publish","format-standard","has-post-thumbnail","hentry","category-uncategorized"],"aioseo_notices":[],"_links":{"self":[{"href":"https:\/\/estado29.mx\/index.php?rest_route=\/wp\/v2\/posts\/97907","targetHints":{"allow":["GET"]}}],"collection":[{"href":"https:\/\/estado29.mx\/index.php?rest_route=\/wp\/v2\/posts"}],"about":[{"href":"https:\/\/estado29.mx\/index.php?rest_route=\/wp\/v2\/types\/post"}],"author":[{"embeddable":true,"href":"https:\/\/estado29.mx\/index.php?rest_route=\/wp\/v2\/users\/4"}],"replies":[{"embeddable":true,"href":"https:\/\/estado29.mx\/index.php?rest_route=%2Fwp%2Fv2%2Fcomments&post=97907"}],"version-history":[{"count":1,"href":"https:\/\/estado29.mx\/index.php?rest_route=\/wp\/v2\/posts\/97907\/revisions"}],"predecessor-version":[{"id":97909,"href":"https:\/\/estado29.mx\/index.php?rest_route=\/wp\/v2\/posts\/97907\/revisions\/97909"}],"wp:featuredmedia":[{"embeddable":true,"href":"https:\/\/estado29.mx\/index.php?rest_route=\/wp\/v2\/media\/97908"}],"wp:attachment":[{"href":"https:\/\/estado29.mx\/index.php?rest_route=%2Fwp%2Fv2%2Fmedia&parent=97907"}],"wp:term":[{"taxonomy":"category","embeddable":true,"href":"https:\/\/estado29.mx\/index.php?rest_route=%2Fwp%2Fv2%2Fcategories&post=97907"},{"taxonomy":"post_tag","embeddable":true,"href":"https:\/\/estado29.mx\/index.php?rest_route=%2Fwp%2Fv2%2Ftags&post=97907"}],"curies":[{"name":"wp","href":"https:\/\/api.w.org\/{rel}","templated":true}]}}