{"id":97922,"date":"2025-08-06T13:27:28","date_gmt":"2025-08-06T13:27:28","guid":{"rendered":"https:\/\/estado29.mx\/?p=97922"},"modified":"2025-08-06T13:27:29","modified_gmt":"2025-08-06T13:27:29","slug":"sedif-impulsa-turismo-inclusivo-con-recorridos-adaptados-para-ninas-y-ninos-con-discapacidad","status":"publish","type":"post","link":"https:\/\/estado29.mx\/?p=97922","title":{"rendered":"SEDIF impulsa turismo inclusivo con recorridos adaptados para ni\u00f1as y ni\u00f1os con discapacidad"},"content":{"rendered":"\n<p><\/p>\n\n\n\n<p>* De enero a julio, el programa ha realizado seis recorridos en los municipios de Zacatelco, Tetla de la Solidaridad, Tlaxcala y Nanacamilpa, en beneficio de 96 ni\u00f1as, ni\u00f1os y adolescentes<\/p>\n\n\n\n<p>El Sistema Estatal para el Desarrollo Integral de la Familia (Sedif) promueve el Turismo Inclusivo mediante rodadas tur\u00edsticas en bicicletas adaptadas por diferentes municipios del estado, en beneficio de ni\u00f1as, ni\u00f1os y adolescentes con discapacidad, como parte de la estrategia para garantizar el derecho al ocio, la inclusi\u00f3n social y la accesibilidad para este sector.<\/p>\n\n\n\n<p>De enero a julio de 2025, el programa ha realizado seis recorridos en los municipios de Zacatelco, Tetla de la Solidaridad, Tlaxcala y Nanacamilpa, con un impacto directo en 96 ni\u00f1as, ni\u00f1os y adolescentes, quienes han participado en experiencias recreativas y culturales junto a sus familias.<\/p>\n\n\n\n<p>Las actividades se realizan con bicicletas tipo Dual Bike, dise\u00f1adas para asegurar acompa\u00f1amiento, movilidad segura e inclusi\u00f3n activa, con el apoyo de los sistemas municipales DIF, las Unidades B\u00e1sicas de Rehabilitaci\u00f3n (UBR), los Centros de Atenci\u00f3n M\u00faltiple (CAM) y la Secretar\u00eda de Turismo del Estado (Secture).<\/p>\n\n\n\n<p>La directora general del Sedif, Flor L\u00f3pez Hinojosa, dio a conocer que recientemente se realiz\u00f3 la rodada tur\u00edstica en Nanacamilpa, donde ni\u00f1as y ni\u00f1os visitaron la zona de avistamiento de luci\u00e9rnagas, al tiempo que destac\u00f3 la importancia de que este sector acceda a actividades que fomenten la activaci\u00f3n f\u00edsica, el conocimiento del entorno, la integraci\u00f3n familiar y el acceso equitativo a la infraestructura tur\u00edstica.<\/p>\n\n\n\n<p>\u201cEstas experiencias no solo promueven el esparcimiento y la inclusi\u00f3n, tambi\u00e9n enriquecen el desarrollo cultural y emocional de las ni\u00f1as y ni\u00f1os, y fortalecen su derecho a participar plenamente en la vida comunitaria\u201d, expres\u00f3 L\u00f3pez Hinojosa.<\/p>\n\n\n\n<p>Adem\u00e1s de las rodadas, el programa ha incorporado paseos en tranv\u00edas tur\u00edsticos por lugares emblem\u00e1ticos, generando entornos accesibles y significativos que visibilizan la importancia de adaptar el espacio p\u00fablico a las necesidades de personas con discapacidad.<\/p>\n\n\n\n<p>Con estas acciones, el Sedif reafirma su compromiso de construir un Tlaxcala m\u00e1s accesible y justo, donde la inclusi\u00f3n sea una pr\u00e1ctica constante desde el territorio.<\/p>\n","protected":false},"excerpt":{"rendered":"<p>* De enero a julio, el programa ha realizado seis recorridos en los municipios de Zacatelco, Tetla de la Solidaridad, Tlaxcala y Nanacamilpa, en beneficio de 96 ni\u00f1as, ni\u00f1os y adolescentes El Sistema Estatal para el Desarrollo Integral de la Familia (Sedif) promueve el Turismo Inclusivo mediante rodadas tur\u00edsticas en bicicletas adaptadas por diferentes municipios [&hellip;]<\/p>\n","protected":false},"author":4,"featured_media":97923,"comment_status":"open","ping_status":"open","sticky":false,"template":"","format":"standard","meta":{"om_disable_all_campaigns":false,"_monsterinsights_skip_tracking":false,"_monsterinsights_sitenote_active":false,"_monsterinsights_sitenote_note":"","_monsterinsights_sitenote_category":0,"jnews-multi-image_gallery":[],"jnews_single_post":{"format":"standard"},"jnews_primary_category":[],"footnotes":""},"categories":[1],"tags":[],"class_list":["post-97922","post","type-post","status-publish","format-standard","has-post-thumbnail","hentry","category-uncategorized"],"aioseo_notices":[],"_links":{"self":[{"href":"https:\/\/estado29.mx\/index.php?rest_route=\/wp\/v2\/posts\/97922","targetHints":{"allow":["GET"]}}],"collection":[{"href":"https:\/\/estado29.mx\/index.php?rest_route=\/wp\/v2\/posts"}],"about":[{"href":"https:\/\/estado29.mx\/index.php?rest_route=\/wp\/v2\/types\/post"}],"author":[{"embeddable":true,"href":"https:\/\/estado29.mx\/index.php?rest_route=\/wp\/v2\/users\/4"}],"replies":[{"embeddable":true,"href":"https:\/\/estado29.mx\/index.php?rest_route=%2Fwp%2Fv2%2Fcomments&post=97922"}],"version-history":[{"count":1,"href":"https:\/\/estado29.mx\/index.php?rest_route=\/wp\/v2\/posts\/97922\/revisions"}],"predecessor-version":[{"id":97924,"href":"https:\/\/estado29.mx\/index.php?rest_route=\/wp\/v2\/posts\/97922\/revisions\/97924"}],"wp:featuredmedia":[{"embeddable":true,"href":"https:\/\/estado29.mx\/index.php?rest_route=\/wp\/v2\/media\/97923"}],"wp:attachment":[{"href":"https:\/\/estado29.mx\/index.php?rest_route=%2Fwp%2Fv2%2Fmedia&parent=97922"}],"wp:term":[{"taxonomy":"category","embeddable":true,"href":"https:\/\/estado29.mx\/index.php?rest_route=%2Fwp%2Fv2%2Fcategories&post=97922"},{"taxonomy":"post_tag","embeddable":true,"href":"https:\/\/estado29.mx\/index.php?rest_route=%2Fwp%2Fv2%2Ftags&post=97922"}],"curies":[{"name":"wp","href":"https:\/\/api.w.org\/{rel}","templated":true}]}}