{"id":97928,"date":"2025-08-06T13:31:52","date_gmt":"2025-08-06T13:31:52","guid":{"rendered":"https:\/\/estado29.mx\/?p=97928"},"modified":"2025-08-06T13:31:53","modified_gmt":"2025-08-06T13:31:53","slug":"celebraremos-tlaxcala-la-feria-de-ferias-2025-con-alegria-tradicion-y-paz-lorena-cuellar","status":"publish","type":"post","link":"https:\/\/estado29.mx\/?p=97928","title":{"rendered":"Celebraremos \u201cTlaxcala, la feria de ferias 2025\u201d con alegr\u00eda, tradici\u00f3n y paz: Lorena Cu\u00e9llar"},"content":{"rendered":"\n<p><\/p>\n\n\n\n<p>\u2022&nbsp;&nbsp;&nbsp;&nbsp;&nbsp;&nbsp;&nbsp;&nbsp;&nbsp; En la Secretar\u00eda de Turismo federal, la gobernadora present\u00f3 el programa de actividades de esta fiesta, que contar\u00e1 con m\u00e1s de 400 eventos culturales, art\u00edsticos y gastron\u00f3micos, en un entorno familiar; 96 por ciento ser\u00e1n gratuitos<\/p>\n\n\n\n<p>La gobernadora Lorena Cu\u00e9llar Cisneros encabez\u00f3 la presentaci\u00f3n oficial del programa de actividades de \u201cTlaxcala, la Feria de Ferias 2025\u201d, una de las celebraciones m\u00e1s antiguas y familiares de M\u00e9xico, que este a\u00f1o se desarrollar\u00e1 del 23 de octubre al 17 de noviembre, con m\u00e1s de 400 eventos culturales, art\u00edsticos y gastron\u00f3micos.<\/p>\n\n\n\n<p>Durante ese lapso, se estima la creaci\u00f3n de 3 mil empleos directos y la misma cantidad de indirectos, con un estimado de 160 millones de pesos de derrama econ\u00f3mica y la visita de cerca de un mill\u00f3n de personas.<\/p>\n\n\n\n<p>En las instalaciones de la Secretar\u00eda de Turismo (Sectur), en la Ciudad de M\u00e9xico, la mandataria estatal acompa\u00f1ada por la titular de la dependencia federal, Josefina Rodr\u00edguez Zamora, destac\u00f3 que la Feria de Tlaxcala se celebra ininterrumpidamente desde 1826, y record\u00f3 que se trata de una fiesta enmarcada en un entorno familiar y cultural.<\/p>\n\n\n\n<p>\u201cHoy somos el estado con menos delitos del pa\u00eds, y eso tambi\u00e9n es parte de lo que ofrecemos: seguridad, convivencia familiar y una riqueza cultural inmensa. Nos encontramos a un paso de la Ciudad de M\u00e9xico, del Estado de M\u00e9xico y de muchas entidades vecinas. Tlaxcala est\u00e1 lista para celebrar con alegr\u00eda, tradici\u00f3n y paz\u201d, enfatiz\u00f3 Cu\u00e9llar Cisneros.<\/p>\n\n\n\n<p>Adem\u00e1s, record\u00f3 que la Feria de Tlaxcala es de las m\u00e1s antiguas de M\u00e9xico, con la que se fortalece la cultura y las tradiciones del estado, adem\u00e1s de representar la oportunidad para apoyar la econom\u00eda de los diversos sectores del estado.<\/p>\n\n\n\n<p>Indic\u00f3 que, en esta edici\u00f3n, se beneficiar\u00e1n principalmente comerciantes y productores locales con m\u00e1s de 500 lugares en el Centro Expositor \u201cAdolfo L\u00f3pez Mateos\u201d del recinto ferial, donde adem\u00e1s las familias podr\u00e1n disfrutar de diversas actividades para chicos y grandes. Al respecto, Cu\u00e9llar Cisneros adelant\u00f3 que habr\u00e1 120 espacios gratuitos en apoyo a los artesanos coordinados por Casa de las Artesan\u00edas.<\/p>\n\n\n\n<p>Asimismo, resalt\u00f3 que \u201cTlaxcala la Feria de Ferias 2025\u201d se entrelaza con el festejo por los 500 a\u00f1os de la ciudad de Tlaxcala, reafirmando el papel hist\u00f3rico del estado como Cuna de la Naci\u00f3n.<\/p>\n\n\n\n<p>La gobernadora reconoci\u00f3 la amplia oferta de actividades culturales, art\u00edsticas, comerciales y tur\u00edsticas. \u201cEl 96 por ciento de los eventos ser\u00e1n totalmente gratuitos, desde espect\u00e1culos en el Teatro del Pueblo hasta actividades por los 500 a\u00f1os. Tambi\u00e9n se suma la cartelera del Palenque y de las corridas de toros, que siguen siendo parte de nuestra tradici\u00f3n ganadera\u201d, afirm\u00f3.<\/p>\n\n\n\n<p>Cu\u00e9llar Cisneros invit\u00f3 al p\u00fablico nacional e internacional a ser parte de esta fiesta que honra la identidad tlaxcalteca.<\/p>\n\n\n\n<p>\u201cTlaxcala est\u00e1 de fiesta y tiene todo para sorprenderlos. Vengan los fines de semana o entre semana, pero no se la pierdan, est\u00e1 hecha para disfrutar en comunidad. Porque Tlaxcala es tan m\u00e1gica&#8230; que no creer\u00e1n que existe\u201d, asegur\u00f3.<\/p>\n\n\n\n<p>En tanto, la secretaria de Turismo del Gobierno de M\u00e9xico, Josefina Rodr\u00edguez Zamora, se\u00f1al\u00f3 que, en el plano tur\u00edstico, Tlaxcala avanza con paso firme: En lo que va del 2025, la llegada de turistas a cuartos de hotel ha crecido 35.1 por ciento respecto al mismo periodo de 2025, alcanzando m\u00e1s de 47 mil 300 visitantes, mientras la ocupaci\u00f3n hotelera ha subido m\u00e1s de 7 puntos porcentuales.<\/p>\n\n\n\n<p>Rodr\u00edguez Zamora, asegur\u00f3 que la \u201cFeria de Ferias Tlaxcala 2025\u201d representa una de las expresiones culturales m\u00e1s completas y aut\u00e9nticas del pa\u00eds, al reunir durante 26 d\u00edas lo mejor del arte popular, la gastronom\u00eda y las tradiciones del estado.<\/p>\n\n\n\n<p>Subray\u00f3 que el evento trasciende el formato tradicional de las ferias patronales, ya que se desarrolla en un centro urbano con infraestructura tur\u00edstica s\u00f3lida y con una oferta cultural y comercial que involucra a los 60 municipios del estado.<\/p>\n\n\n\n<p>\u201cEsta feria est\u00e1 catalogada como una de las mejores de M\u00e9xico porque en ella se vive el color, el sabor y la cultura del pa\u00eds entero. Tlaxcala vuelve a tomar vida durante estos d\u00edas. Es una feria familiar, segura, cercana, que fortalece nuestra identidad\u201d, expres\u00f3.<\/p>\n\n\n\n<p>Detall\u00f3 que la \u201cFeria de Ferias 2025\u201d impulsa el desarrollo econ\u00f3mico regional al albergar a m\u00e1s de 600 expositores, entre productores locales, agroindustriales, artesanos, cocineras tradicionales y artistas. Adem\u00e1s, contar\u00e1 con una zona exclusiva para m\u00e1s de 120 artesanos, donde estar\u00e1n representados los tres Pueblos M\u00e1gicos del estado: Huamantla, Tlaxco y Ixtenco.<\/p>\n\n\n\n<p>La secretaria federal enfatiz\u00f3 que la cartelera contempla espect\u00e1culos para toda la familia, muestras gastron\u00f3micas como el festival del mole, del taco de canasta, del pulque, adem\u00e1s de las tradicionales danzas del carnaval, t\u00edteres, juegos mec\u00e1nicos y espect\u00e1culos esc\u00e9nicos.<\/p>\n\n\n\n<p>En tanto, la presidenta ejecutiva del Patronato para las Exposiciones y Ferias de Tlaxcala, Rosa Elena Nava Garc\u00eda M\u00e9ndez, detall\u00f3 que este 2025 se celebra el 62 aniversario de la Feria, que es el reflejo vivo de las costumbres e identidad tlaxcalteca, y la cual tiene como prop\u00f3sito fomentar todo aquello que distingue a la entidad \u201cnuestra gastronom\u00eda, artesan\u00eda, m\u00fasica, baile y tradiciones, todo en un ambiente seguro y familiar&#8221;, asegur\u00f3.<\/p>\n\n\n\n<p>Nava Garc\u00eda M\u00e9ndez refiri\u00f3 que ser\u00e1 una feria interactiva con estatuas vivientes, comparsas, batucadas, zanqueros, mojigangas, catrines y, por segunda ocasi\u00f3n, habr\u00e1 el concurso de gateo para beb\u00e9s; de botargas y de danz\u00f3n, todo ambientado con un toque de D\u00eda de Muertos, que identifica a la Feria de Tlaxcala.<\/p>\n\n\n\n<p>Como parte de la presentaci\u00f3n de \u201cTlaxcala, la Feria de Ferias 2025\u201d se devel\u00f3 la cartelera de artistas que se presentar\u00e1n de manera gratita en el Teatro del Pueblo: el 23 de octubre Emmanuel; 24 de octubre Ray Mix; 28 de octubre Festival de Ska con el Gran Silencio, Sekta Core y Nana Pancha entre otros; 28 de octubre Banda La Adictiva; 29 de octubre Matisse; 3 de noviembre Aleks Sintek; 5 de noviembre Matute; 10 de noviembre Picus; 11 de noviembre Pepe Aguilar y el 17 de noviembre Mar\u00eda Jos\u00e9.&nbsp;<\/p>\n\n\n\n<p>En el Palenque se presentar\u00e1n: el 25 de octubre Natalia Jim\u00e9nez; el 26 de octubre El Coyote y Chuy Lizarraga; el 31 de octubre Juli\u00f3n \u00c1lvarez; el 2 de noviembre Conjunto Primavera; el 5 de noviembre Car\u00edn Le\u00f3n; el 7 de noviembre Gabito Ballesteros; el 8 y 9 de noviembre Jorge Medina y Josi Cuen; el 14 de noviembre Alfredo Olivas y el 15 de noviembre Gloria Trevi.<\/p>\n\n\n\n<p>En el Festival de las Paellas, el 14 de noviembre se presentar\u00e1n la agrupaci\u00f3n Tren a Marte y Lucero. Adem\u00e1s, todos los d\u00edas habr\u00e1 funciones gratuitas del espect\u00e1culo &#8220;Las Vegas Magic Show&#8221; de Eriko Trevensolli.&nbsp;&nbsp;<\/p>\n\n\n\n<p>\u201cTlaxcala, la Feria de Ferias 2025\u201d tendr\u00e1 un costo de ingreso de 10 pesos por persona y, en apoyo a las familias tlaxcaltecas, para garantizar que todos puedan disfrutar de las diversas actividades que se llevar\u00e1n a cabo, las y los ni\u00f1os que midan menos de 1.20 metros, as\u00ed como los adultos que cuenten con credencial del Inapam, no pagar\u00e1n entrada.<\/p>\n\n\n\n<p>A la presentaci\u00f3n asistieron el secretario de Turismo, Fabricio Mena Rodr\u00edguez; el presidente municipal de Tlaxcala, Alfonso S\u00e1nchez Garc\u00eda; el presidente municipal de Totolac, Benjam\u00edn Atonal Conde y la presidenta municipal de Contla de Juan Cuamatzi, Ivonne Rold\u00e1n.<\/p>\n","protected":false},"excerpt":{"rendered":"<p>\u2022&nbsp;&nbsp;&nbsp;&nbsp;&nbsp;&nbsp;&nbsp;&nbsp;&nbsp; En la Secretar\u00eda de Turismo federal, la gobernadora present\u00f3 el programa de actividades de esta fiesta, que contar\u00e1 con m\u00e1s de 400 eventos culturales, art\u00edsticos y gastron\u00f3micos, en un entorno familiar; 96 por ciento ser\u00e1n gratuitos La gobernadora Lorena Cu\u00e9llar Cisneros encabez\u00f3 la presentaci\u00f3n oficial del programa de actividades de \u201cTlaxcala, la Feria de [&hellip;]<\/p>\n","protected":false},"author":4,"featured_media":97929,"comment_status":"open","ping_status":"open","sticky":false,"template":"","format":"standard","meta":{"om_disable_all_campaigns":false,"_monsterinsights_skip_tracking":false,"_monsterinsights_sitenote_active":false,"_monsterinsights_sitenote_note":"","_monsterinsights_sitenote_category":0,"jnews-multi-image_gallery":[],"jnews_single_post":{"format":"standard"},"jnews_primary_category":[],"footnotes":""},"categories":[1],"tags":[],"class_list":["post-97928","post","type-post","status-publish","format-standard","has-post-thumbnail","hentry","category-uncategorized"],"aioseo_notices":[],"_links":{"self":[{"href":"https:\/\/estado29.mx\/index.php?rest_route=\/wp\/v2\/posts\/97928","targetHints":{"allow":["GET"]}}],"collection":[{"href":"https:\/\/estado29.mx\/index.php?rest_route=\/wp\/v2\/posts"}],"about":[{"href":"https:\/\/estado29.mx\/index.php?rest_route=\/wp\/v2\/types\/post"}],"author":[{"embeddable":true,"href":"https:\/\/estado29.mx\/index.php?rest_route=\/wp\/v2\/users\/4"}],"replies":[{"embeddable":true,"href":"https:\/\/estado29.mx\/index.php?rest_route=%2Fwp%2Fv2%2Fcomments&post=97928"}],"version-history":[{"count":1,"href":"https:\/\/estado29.mx\/index.php?rest_route=\/wp\/v2\/posts\/97928\/revisions"}],"predecessor-version":[{"id":97930,"href":"https:\/\/estado29.mx\/index.php?rest_route=\/wp\/v2\/posts\/97928\/revisions\/97930"}],"wp:featuredmedia":[{"embeddable":true,"href":"https:\/\/estado29.mx\/index.php?rest_route=\/wp\/v2\/media\/97929"}],"wp:attachment":[{"href":"https:\/\/estado29.mx\/index.php?rest_route=%2Fwp%2Fv2%2Fmedia&parent=97928"}],"wp:term":[{"taxonomy":"category","embeddable":true,"href":"https:\/\/estado29.mx\/index.php?rest_route=%2Fwp%2Fv2%2Fcategories&post=97928"},{"taxonomy":"post_tag","embeddable":true,"href":"https:\/\/estado29.mx\/index.php?rest_route=%2Fwp%2Fv2%2Ftags&post=97928"}],"curies":[{"name":"wp","href":"https:\/\/api.w.org\/{rel}","templated":true}]}}