{"id":97943,"date":"2025-08-07T02:35:17","date_gmt":"2025-08-07T02:35:17","guid":{"rendered":"https:\/\/estado29.mx\/?p=97943"},"modified":"2025-08-07T02:35:17","modified_gmt":"2025-08-07T02:35:17","slug":"mas-de-200-trabajadores-refuerzan-la-limpia-en-huamantla","status":"publish","type":"post","link":"https:\/\/estado29.mx\/?p=97943","title":{"rendered":"M\u00e1s de 200 trabajadores refuerzan la limpia en Huamantla.\u00a0"},"content":{"rendered":"\n<p>Andr\u00e9s Carmona L\u00f3pez, Cordinador de Servicios P\u00fablicos Municipales de Huamantla, en entrevista para este medio de comunicaci\u00f3n dio a conocer que por temporada de feria se implementar\u00e1n distintas acciones de trabajo, con el objetivo de priorizar la limpieza de algunos lugares.<\/p>\n\n\n\n<p>Se\u00f1al\u00f3 que se solicit\u00f3 al alcalde de Huamantla el apoyo con camiones extras para reforzar la recolecci\u00f3n de residuos, dando luz verde con lo que se garantizar\u00e1 el servicio sin descuidar los recorridos tanto en la cabecera municipal as\u00ed como en comunidades.&nbsp;<\/p>\n\n\n\n<p>Tambi\u00e9n expres\u00f3 que se han contratado de manera eventual m\u00e1s de 200 trabajadores de limpia, atendiendo especialmente el Recinto ferial, el atrio de la bas\u00edlica de la Caridad as\u00ed como los eventos con mayor fluencia como desfile de la Dalia y taurino, la propia huamantlada, el 14 de agosto donde se desarrolla la Noche que nadie duerme y otros.<\/p>\n","protected":false},"excerpt":{"rendered":"<p>Andr\u00e9s Carmona L\u00f3pez, Cordinador de Servicios P\u00fablicos Municipales de Huamantla, en entrevista para este medio de comunicaci\u00f3n dio a conocer que por temporada de feria se implementar\u00e1n distintas acciones de trabajo, con el objetivo de priorizar la limpieza de algunos lugares. Se\u00f1al\u00f3 que se solicit\u00f3 al alcalde de Huamantla el apoyo con camiones extras para [&hellip;]<\/p>\n","protected":false},"author":5,"featured_media":97944,"comment_status":"open","ping_status":"open","sticky":false,"template":"","format":"standard","meta":{"om_disable_all_campaigns":false,"_monsterinsights_skip_tracking":false,"_monsterinsights_sitenote_active":false,"_monsterinsights_sitenote_note":"","_monsterinsights_sitenote_category":0,"jnews-multi-image_gallery":[],"jnews_single_post":{"format":"standard"},"jnews_primary_category":[],"footnotes":""},"categories":[1],"tags":[],"class_list":["post-97943","post","type-post","status-publish","format-standard","has-post-thumbnail","hentry","category-uncategorized"],"aioseo_notices":[],"_links":{"self":[{"href":"https:\/\/estado29.mx\/index.php?rest_route=\/wp\/v2\/posts\/97943","targetHints":{"allow":["GET"]}}],"collection":[{"href":"https:\/\/estado29.mx\/index.php?rest_route=\/wp\/v2\/posts"}],"about":[{"href":"https:\/\/estado29.mx\/index.php?rest_route=\/wp\/v2\/types\/post"}],"author":[{"embeddable":true,"href":"https:\/\/estado29.mx\/index.php?rest_route=\/wp\/v2\/users\/5"}],"replies":[{"embeddable":true,"href":"https:\/\/estado29.mx\/index.php?rest_route=%2Fwp%2Fv2%2Fcomments&post=97943"}],"version-history":[{"count":1,"href":"https:\/\/estado29.mx\/index.php?rest_route=\/wp\/v2\/posts\/97943\/revisions"}],"predecessor-version":[{"id":97945,"href":"https:\/\/estado29.mx\/index.php?rest_route=\/wp\/v2\/posts\/97943\/revisions\/97945"}],"wp:featuredmedia":[{"embeddable":true,"href":"https:\/\/estado29.mx\/index.php?rest_route=\/wp\/v2\/media\/97944"}],"wp:attachment":[{"href":"https:\/\/estado29.mx\/index.php?rest_route=%2Fwp%2Fv2%2Fmedia&parent=97943"}],"wp:term":[{"taxonomy":"category","embeddable":true,"href":"https:\/\/estado29.mx\/index.php?rest_route=%2Fwp%2Fv2%2Fcategories&post=97943"},{"taxonomy":"post_tag","embeddable":true,"href":"https:\/\/estado29.mx\/index.php?rest_route=%2Fwp%2Fv2%2Ftags&post=97943"}],"curies":[{"name":"wp","href":"https:\/\/api.w.org\/{rel}","templated":true}]}}