{"id":97955,"date":"2025-08-07T13:26:10","date_gmt":"2025-08-07T13:26:10","guid":{"rendered":"https:\/\/estado29.mx\/?p=97955"},"modified":"2025-08-07T13:26:11","modified_gmt":"2025-08-07T13:26:11","slug":"tlaxcala-celebra-cuatro-anos-como-patrimonio-mundial-de-la-humanidad-en-el-marco-de-los-500-anos-de-su-fundacion","status":"publish","type":"post","link":"https:\/\/estado29.mx\/?p=97955","title":{"rendered":"Tlaxcala celebra cuatro a\u00f1os como patrimonio mundial de la humanidad en el marco de los 500 a\u00f1os de su fundaci\u00f3n"},"content":{"rendered":"\n<p><\/p>\n\n\n\n<p>* En la segunda sesi\u00f3n extraordinaria del Consafran se nombr\u00f3 a Juan Antonio Ferrer Aguilar, como embajador de Tlaxcala para dar seguimiento al expediente de Huamantla que busca que las alfombras del Pueblo M\u00e1gico sean reconocidas como Patrimonio Cultural Inmaterial<\/p>\n\n\n\n<p>La gobernadora Lorena Cu\u00e9llar Cisneros encabez\u00f3 la conmemoraci\u00f3n del cuarto aniversario de la inscripci\u00f3n del Conjunto Conventual y Catedralicio de Nuestra Se\u00f1ora de la Asunci\u00f3n como Patrimonio Mundial de la Humanidad por la Organizaci\u00f3n de las Naciones Unidas para la Educaci\u00f3n, la Ciencia y la Cultura (Unesco), acto que coincide con los 500 a\u00f1os de la fundaci\u00f3n de la ciudad de Tlaxcala.<\/p>\n\n\n\n<p>Durante la segunda sesi\u00f3n extraordinaria del Consejo Interinstitucional para la Salvaguarda, Protecci\u00f3n y Conservaci\u00f3n del Conjunto (Consafran), la mandataria reafirm\u00f3 el compromiso del Gobierno del Estado con la preservaci\u00f3n del centro hist\u00f3rico y anunci\u00f3 la inversi\u00f3n de recursos adicionales para su rehabilitaci\u00f3n, de cara a las fiestas patrias, la Feria de Tlaxcala y los eventos del quinto centenario.<\/p>\n\n\n\n<p>\u201cEstamos invirtiendo m\u00e1s en el centro hist\u00f3rico porque necesitamos darle su mejor cara al turismo. Tenemos que cuidarlo entre todas y todos: comerciantes, vecinos, visitantes, funcionarios. No hay necesidad m\u00e1s grande que preservar lo que nos identifica, lo que nos hace \u00fanicos\u201d, apunt\u00f3<\/p>\n\n\n\n<p>En la Sala de Profundis del Museo Regional del Instituto Nacional del Instituto Nacional de Antropolog\u00eda e Historia (INAH), acompa\u00f1ada por el Embajador de M\u00e9xico ante la Unesco en Par\u00eds, Juan Antonio Ferrer Aguilar; la gobernadora Lorena Cu\u00e9llar Cisneros reconoci\u00f3 el trabajo y compromiso de las y los integrantes del Consafran a quienes agradeci\u00f3 por su participaci\u00f3n en la protecci\u00f3n del patrimonio cultural de la ciudad, en la que \u201ctodos tenemos un papel en el cuidado de este sitio que hoy pertenece no solo a Tlaxcala, sino al mundo entero\u201d.<\/p>\n\n\n\n<p>En su mensaje, tambi\u00e9n hizo un llamado a la ciudadan\u00eda a sumarse a este esfuerzo colectivo por mantener viva la historia de la capital tlaxcalteca. \u201cEsta ciudad es nuestra casa y su conservaci\u00f3n es responsabilidad de todas y todos. La cultura, la memoria, la identidad no se conservan solas: se defienden con acciones, con voluntad y con amor por lo nuestro\u201d, afirm\u00f3.<\/p>\n\n\n\n<p>Como parte de esta segunda sesi\u00f3n extraordinaria, los integrantes del Consafran nombraron al embajador de M\u00e9xico ante la Unesco, Juan Antonio Ferrer Aguilar, como embajador de Tlaxcala para dar seguimiento al expediente de Huamantla que busca que las alfombras del Pueblo M\u00e1gico sean reconocidas como Patrimonio Cultural Inmaterial de la Humanidad.<\/p>\n\n\n\n<p>En su intervenci\u00f3n, el embajador de M\u00e9xico ante la Unesco, Juan Antonio Ferrer Aguilar, destac\u00f3 la labor del gobierno estatal y la comunidad tlaxcalteca en la protecci\u00f3n del patrimonio. Subray\u00f3 que el conjunto fue inscrito el 27 de julio de 2021 como parte de la extensi\u00f3n de los Primeros Monasterios del siglo XVI en las faldas del Popocat\u00e9petl, reconocidos por su valor universal excepcional.<\/p>\n\n\n\n<p>Ferrer Aguilar dio a conocer que actualmente, este conjunto forma parte de un grupo de 15 monasterios hist\u00f3ricos distribuidos en Morelos, Puebla y Tlaxcala, cuyo dise\u00f1o representan modelos arquitect\u00f3nicos innovadores desarrollados por los misioneros franciscanos, dominicos y agustinos para la evangelizaci\u00f3n, adaptando elementos ind\u00edgenas en sus dise\u00f1os.<\/p>\n\n\n\n<p>\u201cLa Unesco refrenda su compromiso con M\u00e9xico y con Tlaxcala para que este legado siga vivo, como un mensaje de identidad y dignidad cultural para las futuras generaciones\u201d, afirm\u00f3 el embajador.<\/p>\n\n\n\n<p>En tanto, el presidente municipal de Tlaxcala, Alfonso S\u00e1nchez Garc\u00eda, destac\u00f3 que la protecci\u00f3n del legado hist\u00f3rico y cultural de la ciudad es una tarea compartida entre gobierno y sociedad.<\/p>\n\n\n\n<p>\u201cHoy conmemoramos este reconocimiento internacional con orgullo y compromiso, caminando juntos, hombro a hombro, para cuidar lo que somos: nuestras ra\u00edces y nuestras joyas culturales. Este conjunto no es solo un inmueble antiguo; es el alma viva de Tlaxcala\u201d, expres\u00f3.<\/p>\n\n\n\n<p>El secretario t\u00e9cnico del Comit\u00e9, Jos\u00e9 Vicente de la Rosa Herrera, afirm\u00f3 que Tlaxcala vive un momento de celebraci\u00f3n colectiva al cumplirse cuatro a\u00f1os de su inscripci\u00f3n en la Lista de Patrimonio Mundial de la Unesco, distinci\u00f3n que reconoce la riqueza cultural, arquitect\u00f3nica y espiritual del estado.<\/p>\n\n\n\n<p>En su intervenci\u00f3n, el coordinador de Comunicaci\u00f3n Social del Gobierno del Estado y miembro fundador del consejo, Antonio Mart\u00ednez Vel\u00e1zquez, hizo un llamado a reconocer y valorar el papel estrat\u00e9gico que esta instancia ha desempe\u00f1ado en la preservaci\u00f3n del patrimonio cultural de Tlaxcala y destac\u00f3 que este espacio de coordinaci\u00f3n interinstitucional representa un modelo \u00fanico a nivel nacional.<\/p>\n\n\n\n<p>\u201cEn otros estados no se tiene un mecanismo como este. El consejo es un referente donde gobiernos estatales, municipales, el INAH y diversas instituciones federales trabajan de forma articulada en la conservaci\u00f3n del patrimonio. Hay que valorar su existencia en su justa dimensi\u00f3n\u201d, subray\u00f3.<\/p>\n\n\n\n<p>En este sentido, enfatiz\u00f3 que, de cara a la conmemoraci\u00f3n por los 500 a\u00f1os de la fundaci\u00f3n de la ciudad de Tlaxcala, uno de los ejes centrales del trabajo del Consafran ser\u00e1 la proyecci\u00f3n cultural y la construcci\u00f3n de una narrativa com\u00fan que celebre la historia y la identidad del estado.<\/p>\n\n\n\n<p>Como parte del evento, la gobernadora Lorena Cu\u00e9llar Cisneros e integrantes del Consafran recibieron un reconocimiento por su compromiso en la conservaci\u00f3n, protecci\u00f3n y difusi\u00f3n del Conjunto Conventual Franciscano y Catedralicio de nuestra Se\u00f1ora de la Asunci\u00f3n.<\/p>\n\n\n\n<p>Adem\u00e1s, autoridades federales, estatales y municipales realizaron un recorrido por la exposici\u00f3n temporal \u201cGraniceros de Amecameca. Entre el cielo y la tierra\u201d. En el marco de este cuarto aniversario de la inscripci\u00f3n de Tlaxcala como Patrimonio de la Humanidad se desarroll\u00f3 un conversatorio en la Galer\u00eda Municipal con conferencias sobre la relevancia hist\u00f3rica de la extensi\u00f3n de la declaratoria de la Unesco y los retos y logros en la conservaci\u00f3n del edificio del siglo XVI y su zona de amortiguamiento.<\/p>\n\n\n\n<p>A esta segunda sesi\u00f3n asistieron el secretario de Gobierno, Luis Antonio Ram\u00edrez Hern\u00e1ndez; el titular de la Direcci\u00f3n General de Sitios y Monumentos del Patrimonio Cultural, Arturo Balandrano Campos; el director de Extensi\u00f3n Cultural de la Secretar\u00eda de Cultura de Tlaxcala, Juan Carlos Ramos Mora; el vocero de la Di\u00f3cesis de Tlaxcala, Ranulfo Rojas Bret\u00f3n, adem\u00e1s de funcionarios estatales, municipales y federales integrantes del Consafran.<\/p>\n","protected":false},"excerpt":{"rendered":"<p>* En la segunda sesi\u00f3n extraordinaria del Consafran se nombr\u00f3 a Juan Antonio Ferrer Aguilar, como embajador de Tlaxcala para dar seguimiento al expediente de Huamantla que busca que las alfombras del Pueblo M\u00e1gico sean reconocidas como Patrimonio Cultural Inmaterial La gobernadora Lorena Cu\u00e9llar Cisneros encabez\u00f3 la conmemoraci\u00f3n del cuarto aniversario de la inscripci\u00f3n del [&hellip;]<\/p>\n","protected":false},"author":4,"featured_media":97956,"comment_status":"open","ping_status":"open","sticky":false,"template":"","format":"standard","meta":{"om_disable_all_campaigns":false,"_monsterinsights_skip_tracking":false,"_monsterinsights_sitenote_active":false,"_monsterinsights_sitenote_note":"","_monsterinsights_sitenote_category":0,"jnews-multi-image_gallery":[],"jnews_single_post":{"format":"standard"},"jnews_primary_category":[],"footnotes":""},"categories":[1],"tags":[],"class_list":["post-97955","post","type-post","status-publish","format-standard","has-post-thumbnail","hentry","category-uncategorized"],"aioseo_notices":[],"_links":{"self":[{"href":"https:\/\/estado29.mx\/index.php?rest_route=\/wp\/v2\/posts\/97955","targetHints":{"allow":["GET"]}}],"collection":[{"href":"https:\/\/estado29.mx\/index.php?rest_route=\/wp\/v2\/posts"}],"about":[{"href":"https:\/\/estado29.mx\/index.php?rest_route=\/wp\/v2\/types\/post"}],"author":[{"embeddable":true,"href":"https:\/\/estado29.mx\/index.php?rest_route=\/wp\/v2\/users\/4"}],"replies":[{"embeddable":true,"href":"https:\/\/estado29.mx\/index.php?rest_route=%2Fwp%2Fv2%2Fcomments&post=97955"}],"version-history":[{"count":1,"href":"https:\/\/estado29.mx\/index.php?rest_route=\/wp\/v2\/posts\/97955\/revisions"}],"predecessor-version":[{"id":97957,"href":"https:\/\/estado29.mx\/index.php?rest_route=\/wp\/v2\/posts\/97955\/revisions\/97957"}],"wp:featuredmedia":[{"embeddable":true,"href":"https:\/\/estado29.mx\/index.php?rest_route=\/wp\/v2\/media\/97956"}],"wp:attachment":[{"href":"https:\/\/estado29.mx\/index.php?rest_route=%2Fwp%2Fv2%2Fmedia&parent=97955"}],"wp:term":[{"taxonomy":"category","embeddable":true,"href":"https:\/\/estado29.mx\/index.php?rest_route=%2Fwp%2Fv2%2Fcategories&post=97955"},{"taxonomy":"post_tag","embeddable":true,"href":"https:\/\/estado29.mx\/index.php?rest_route=%2Fwp%2Fv2%2Ftags&post=97955"}],"curies":[{"name":"wp","href":"https:\/\/api.w.org\/{rel}","templated":true}]}}