{"id":97958,"date":"2025-08-07T13:32:18","date_gmt":"2025-08-07T13:32:18","guid":{"rendered":"https:\/\/estado29.mx\/?p=97958"},"modified":"2025-08-07T13:34:47","modified_gmt":"2025-08-07T13:34:47","slug":"tlaxcala-honra-a-los-pueblos-indigenas-con-reconocimiento-a-su-riqueza-cultural-y-justicia","status":"publish","type":"post","link":"https:\/\/estado29.mx\/?p=97958","title":{"rendered":"Tlaxcala honra a los pueblos ind\u00edgenas con reconocimiento a su riqueza cultural y justicia"},"content":{"rendered":"\n<p><\/p>\n\n\n\n<p>*La gobernadora Lorena Cu\u00e9llar destac\u00f3 los avances en derechos, recursos y educaci\u00f3n para las comunidades originarias<\/p>\n\n\n\n<p>La gobernadora Lorena Cu\u00e9llar Cisneros encabez\u00f3 la conmemoraci\u00f3n del D\u00eda Internacional de los Pueblos Ind\u00edgenas en San Esteban Tizatl\u00e1n, que calific\u00f3 como un lugar cargado de historia y significado para Tlaxcala, y como un espacio m\u00e1gico, lleno de memorias y amistades entra\u00f1ables. Destac\u00f3 que este acto se realiza en un sitio sagrado, donde las ra\u00edces del pueblo tlaxcalteca siguen vivas y fuertes, y donde hoy se honra la esencia cultural de M\u00e9xico.<\/p>\n\n\n\n<p>Durante su mensaje, celebr\u00f3 que, gracias a la reforma constitucional impulsada a nivel federal, los pueblos ind\u00edgenas y afromexicanos hoy son reconocidos como sujetos de derecho, con personalidad jur\u00eddica, patrimonio propio y autonom\u00eda para decidir el destino de sus recursos.<\/p>\n\n\n\n<p>\u201cNuestro expresidente Andr\u00e9s Manuel L\u00f3pez Obrador hizo un pacto para la justicia de los pueblos ind\u00edgenas y hoy, a trav\u00e9s del liderazgo de nuestra presidenta Claudia Sheinbaum, hay continuidad\u201d, mencion\u00f3.<\/p>\n\n\n\n<p>La gobernadora subray\u00f3 que hoy los recursos federales llegan de forma directa a las comunidades, fortaleciendo su capacidad de decisi\u00f3n y autogesti\u00f3n. Mencion\u00f3 que el pasado 14 de junio se entregaron m\u00e1s de 38 millones de pesos a 38 comit\u00e9s comunitarios a trav\u00e9s del Fondo de Aportaciones para la Infraestructura Social (FAIS), lo que representa un paso hist\u00f3rico hacia la autonom\u00eda real de los pueblos ind\u00edgenas.<\/p>\n\n\n\n<p>Resalt\u00f3 que su gobierno ha quintuplicado el presupuesto destinado a programas productivos, lo que ha permitido dar continuidad a proyectos artesanales, sociales y de infraestructura desarrollados desde las propias comunidades, y agreg\u00f3 que su administraci\u00f3n ha priorizado acciones de largo plazo, como la creaci\u00f3n de la Universidad Intercultural para los Pueblos Ind\u00edgenas, donde se promueve el uso y la preservaci\u00f3n de las lenguas originarias.<\/p>\n\n\n\n<p>Asimismo, la presidenta honor\u00edfica del Comit\u00e9 Consultivo de Bienestar, Fernanda Espinosa de los Monteros Cu\u00e9llar, expres\u00f3 su respeto y reconocimiento hacia los pueblos originarios de Tlaxcala al destacar que este d\u00eda no solo conmemora una fecha significativa, sino que honra la historia viva, la sabidur\u00eda ancestral y la riqueza cultural que han forjado la identidad del estado.<\/p>\n\n\n\n<p>\u201cEn cada textil, cada palabra, lengua, fog\u00f3n y en cada ritual, hay siglos de sabidur\u00eda que resisten y florecen. Y eso, hoy m\u00e1s que nunca, debe inspirarnos a construir una sociedad m\u00e1s equitativa, solidaria y orgullosa de su diversidad. Que este d\u00eda nos inspire a vivir el presente con respeto y construir un futuro donde ning\u00fan pueblo, ninguna cultura, sea invisibilizada\u201d, afirm\u00f3.&nbsp;<\/p>\n\n\n\n<p>De los Monteros Cu\u00e9llar asegur\u00f3 que desde el gobierno estatal se impulsa una pol\u00edtica social con rostro humano, que reconoce y valora los saberes, las necesidades y las voces de los pueblos ind\u00edgenas. Se\u00f1al\u00f3 que la inclusi\u00f3n verdadera se construye con di\u00e1logo, respeto y acciones concretas, y que las comunidades deben ser no solo escuchadas, sino reconocidas.<\/p>\n\n\n\n<p>En representaci\u00f3n del Instituto Nacional de los Pueblos Ind\u00edgenas (INPI), Jes\u00fas Jorge del Castillo, reconoci\u00f3 la importancia del D\u00eda Internacional de los Pueblos Ind\u00edgenas como un espacio, no solo de conmemoraci\u00f3n, sino de avance en la garant\u00eda de derechos.<\/p>\n\n\n\n<p>Subray\u00f3 que el art\u00edculo segundo constitucional representa un instrumento fundamental para que las comunidades ind\u00edgenas sean reconocidas como sujetos de derecho, no desde una visi\u00f3n folcl\u00f3rica, sino con plena capacidad jur\u00eddica, social y pol\u00edtica, al tiempo que destac\u00f3 el compromiso del gobierno federal con la implementaci\u00f3n de pol\u00edticas p\u00fablicas.<\/p>\n\n\n\n<p>Castillo Mart\u00ednez hizo un llamado a la corresponsabilidad, recordando que el reconocimiento implica tambi\u00e9n deberes, como la rendici\u00f3n de cuentas y el buen uso de los recursos p\u00fablicos. Finalmente, agradeci\u00f3 la presencia de autoridades comunitarias y estatales.<\/p>\n\n\n\n<p>Por su parte, el presidente municipal de Tlaxcala, Alfonso S\u00e1nchez Garc\u00eda, consider\u00f3 que Tizatl\u00e1n es un lugar cargado de simbolismo hist\u00f3rico por representar la uni\u00f3n de dos culturas: la ind\u00edgena y la colonial; por ello, dijo que \u201cTlaxcala no se entiende sin sus ra\u00edces ind\u00edgenas, sin el n\u00e1huatl que resiste, el otom\u00ed que se defiende, sin su milpa, sus danzas y su ma\u00edz\u201d.<\/p>\n\n\n\n<p>Resalt\u00f3 los avances logrados en los \u00faltimos a\u00f1os en favor de los pueblos originarios, a trav\u00e9s de pol\u00edticas p\u00fablicas que han fortalecido el tejido social de estas comunidades, y subray\u00f3 la importancia del Programa Estatal para el Bienestar de las Personas Ind\u00edgenas, como ejemplo de un modelo que deja atr\u00e1s las promesas y apuesta por acciones concretas.<\/p>\n\n\n\n<p>\u201cLa verdadera inclusi\u00f3n se construye con respeto, escucha y acciones reales. Hoy, m\u00e1s que nunca, Tlaxcala camina con orgullo junto a sus comunidades ind\u00edgenas, honrando su pasado y construyendo un futuro m\u00e1s justo\u201d, refiri\u00f3 S\u00e1nchez Garc\u00eda al celebrar que el 2025 haya sido declarado el A\u00f1o de la Mujer Ind\u00edgena, pues ellas han sido pilares de identidad, lengua y territorio.<\/p>\n\n\n\n<p>En su oportunidad, el presidente de comunidad Porfirio Padilla M\u00e9ndez, reconoci\u00f3 la sensibilidad y compromiso de la gobernadora Lorena Cu\u00e9llar para atender las necesidades de las comunidades ind\u00edgenas, a trav\u00e9s de pol\u00edticas que promueven el bienestar de los sectores m\u00e1s vulnerables y el reconocimiento pleno de sus derechos.<\/p>\n\n\n\n<p>Destac\u00f3 que, gracias a esta visi\u00f3n de inclusi\u00f3n, San Esteban Tizatl\u00e1n recibi\u00f3 en 2024 la constancia como comunidad ind\u00edgena, lo que le permite acceder a beneficios como el derecho a gestionar directamente recursos del FAIS. \u201cMi hermoso pueblo ind\u00edgena agradece el detalle de la mejor gobernante que ha tenido el estado de Tlaxcala\u201d, concluy\u00f3.<\/p>\n\n\n\n<p>Por \u00faltimo, en representaci\u00f3n de los beneficiarios del programa, Tomasa Flores Acolzi expres\u00f3 su agradecimiento al Gobierno del Estado por el respaldo brindado a las comunidades ind\u00edgenas, destacando que por primera vez se sienten escuchados y tomados en cuenta, ya que el reconocimiento no solo representa un acto simb\u00f3lico, sino un paso concreto hacia el acceso a mejores condiciones de vida, servicios y oportunidades.<\/p>\n\n\n\n<p>En el evento fueron entregadas las constancias de inscripci\u00f3n al cat\u00e1logo nacional de pueblos y comunidades ind\u00edgenas y afromexicanas a personas de diferentes comunicades, as\u00ed como reconocimientos de los beneficiarios a las autoridades por las diversas acciones a favor de este sector.<\/p>\n\n\n\n<p>Antes del acto protocolario, se realiz\u00f3 un ritual de agradecimiento n\u00e1huatl a cargo del grupo cultural Camaxtli-Tepeticpac, adem\u00e1s de que las autoridades recorrieron los puestos de artesan\u00edas, con piezas de barro natural y vidriado libre de plomo, bordado en servilleta, productos org\u00e1nicos, madera tallada, tortillas de trigo y miel, entre otros.<\/p>\n","protected":false},"excerpt":{"rendered":"<p>*La gobernadora Lorena Cu\u00e9llar destac\u00f3 los avances en derechos, recursos y educaci\u00f3n para las comunidades originarias La gobernadora Lorena Cu\u00e9llar Cisneros encabez\u00f3 la conmemoraci\u00f3n del D\u00eda Internacional de los Pueblos Ind\u00edgenas en San Esteban Tizatl\u00e1n, que calific\u00f3 como un lugar cargado de historia y significado para Tlaxcala, y como un espacio m\u00e1gico, lleno de memorias [&hellip;]<\/p>\n","protected":false},"author":4,"featured_media":97959,"comment_status":"open","ping_status":"open","sticky":false,"template":"","format":"standard","meta":{"om_disable_all_campaigns":false,"_monsterinsights_skip_tracking":false,"_monsterinsights_sitenote_active":false,"_monsterinsights_sitenote_note":"","_monsterinsights_sitenote_category":0,"jnews-multi-image_gallery":[],"jnews_single_post":{"format":"standard"},"jnews_primary_category":[],"footnotes":""},"categories":[1],"tags":[],"class_list":["post-97958","post","type-post","status-publish","format-standard","has-post-thumbnail","hentry","category-uncategorized"],"aioseo_notices":[],"_links":{"self":[{"href":"https:\/\/estado29.mx\/index.php?rest_route=\/wp\/v2\/posts\/97958","targetHints":{"allow":["GET"]}}],"collection":[{"href":"https:\/\/estado29.mx\/index.php?rest_route=\/wp\/v2\/posts"}],"about":[{"href":"https:\/\/estado29.mx\/index.php?rest_route=\/wp\/v2\/types\/post"}],"author":[{"embeddable":true,"href":"https:\/\/estado29.mx\/index.php?rest_route=\/wp\/v2\/users\/4"}],"replies":[{"embeddable":true,"href":"https:\/\/estado29.mx\/index.php?rest_route=%2Fwp%2Fv2%2Fcomments&post=97958"}],"version-history":[{"count":1,"href":"https:\/\/estado29.mx\/index.php?rest_route=\/wp\/v2\/posts\/97958\/revisions"}],"predecessor-version":[{"id":97960,"href":"https:\/\/estado29.mx\/index.php?rest_route=\/wp\/v2\/posts\/97958\/revisions\/97960"}],"wp:featuredmedia":[{"embeddable":true,"href":"https:\/\/estado29.mx\/index.php?rest_route=\/wp\/v2\/media\/97959"}],"wp:attachment":[{"href":"https:\/\/estado29.mx\/index.php?rest_route=%2Fwp%2Fv2%2Fmedia&parent=97958"}],"wp:term":[{"taxonomy":"category","embeddable":true,"href":"https:\/\/estado29.mx\/index.php?rest_route=%2Fwp%2Fv2%2Fcategories&post=97958"},{"taxonomy":"post_tag","embeddable":true,"href":"https:\/\/estado29.mx\/index.php?rest_route=%2Fwp%2Fv2%2Ftags&post=97958"}],"curies":[{"name":"wp","href":"https:\/\/api.w.org\/{rel}","templated":true}]}}