{"id":97961,"date":"2025-08-07T23:48:31","date_gmt":"2025-08-07T23:48:31","guid":{"rendered":"https:\/\/estado29.mx\/?p=97961"},"modified":"2025-08-07T23:48:31","modified_gmt":"2025-08-07T23:48:31","slug":"invita-el-cicb-uatx-al-segundo-festival-de-suculentas","status":"publish","type":"post","link":"https:\/\/estado29.mx\/?p=97961","title":{"rendered":"Invita el CICB-UATx al Segundo Festival de Suculentas"},"content":{"rendered":"<figure class=\"wp-block-post-featured-image\"><img loading=\"lazy\" decoding=\"async\" width=\"828\" height=\"1043\" src=\"https:\/\/estado29.mx\/wp-content\/uploads\/2025\/08\/28-Invita-el-CICB-UATx-al-Segundo-Festival-de-Suculentas-1.jpeg\" class=\"attachment-post-thumbnail size-post-thumbnail wp-post-image\" alt=\"\" style=\"object-fit:cover;\" srcset=\"https:\/\/estado29.mx\/wp-content\/uploads\/2025\/08\/28-Invita-el-CICB-UATx-al-Segundo-Festival-de-Suculentas-1.jpeg 828w, https:\/\/estado29.mx\/wp-content\/uploads\/2025\/08\/28-Invita-el-CICB-UATx-al-Segundo-Festival-de-Suculentas-1-238x300.jpeg 238w, https:\/\/estado29.mx\/wp-content\/uploads\/2025\/08\/28-Invita-el-CICB-UATx-al-Segundo-Festival-de-Suculentas-1-813x1024.jpeg 813w, https:\/\/estado29.mx\/wp-content\/uploads\/2025\/08\/28-Invita-el-CICB-UATx-al-Segundo-Festival-de-Suculentas-1-768x967.jpeg 768w, https:\/\/estado29.mx\/wp-content\/uploads\/2025\/08\/28-Invita-el-CICB-UATx-al-Segundo-Festival-de-Suculentas-1-750x945.jpeg 750w\" sizes=\"auto, (max-width: 828px) 100vw, 828px\" \/><\/figure>\n\n\n<p>Como parte de las actividades de divulgaci\u00f3n que se realizan en el Jard\u00edn Etnobiol\u00f3gico Tlaxcallan (JET) del Centro de Investigaci\u00f3n en Ciencias Biol\u00f3gicas de la Universidad Aut\u00f3noma de Tlaxcala (UATx) y considerando la gran participaci\u00f3n del p\u00fablico el a\u00f1o pasado, est\u00e1 listo el programa del \u201cSegundo Festival de las Suculentas en Tlaxcala\u201d que se efectuar\u00e1 del 8 al 10 de agosto en la Plaza Benito Ju\u00e1rez en el centro de la ciudad de Tlaxcala.<\/p>\n\n\n\n<p>Todas las actividades planeadas para foro de divulgaci\u00f3n est\u00e1n dirigidas al p\u00fablico en general para dar a conocer un interesante grupo de plantas que se desarrollan en diferentes partes del mundo, principalmente en regiones secas, que han moldeado su estructura con apariencia \u201ccarnosa\u201d, adem\u00e1s, sus procesos fisiol\u00f3gicos les han permitido sobrevivir en estos ambientes extremos.<\/p>\n\n\n\n<p>Todas estas caracter\u00edsticas son interesantes de estudiar desde el punto de vista cient\u00edfico, pero tambi\u00e9n las hace llamativas en nuestro entorno por sus formas caprichosas y sus colores vistosos, atributos que ha permitido que los cultivadores de plantas les den un lugar especial en sus viveros.<\/p>\n\n\n\n<p>En este \u201cSegundo Festival de Suculentas en Tlaxcala\u201d se brindar\u00e1 informaci\u00f3n sobre la propagaci\u00f3n, ambiente donde se desarrollan y los grupos que las representan mediante pl\u00e1ticas de expertos de nuestra m\u00e1xima Casa de Estudios y de otras instituciones nacionales, de viveristas y organizaciones dedicadas a su estudio y conservaci\u00f3n.<\/p>\n\n\n\n<p>Un aspecto que tambi\u00e9n es caracter\u00edstico del festival es la presencia de artesanos locales y nacionales que utilizan a este grupo de plantas para la elaboraci\u00f3n de sus productos, los cuales se podr\u00e1n adquirir, admirar y degustar durante estos tres d\u00edas de exposiciones.<\/p>\n","protected":false},"excerpt":{"rendered":"<p>Como parte de las actividades de divulgaci\u00f3n que se realizan en el Jard\u00edn Etnobiol\u00f3gico Tlaxcallan (JET) del Centro de Investigaci\u00f3n en Ciencias Biol\u00f3gicas de la Universidad Aut\u00f3noma de Tlaxcala (UATx) y considerando la gran participaci\u00f3n del p\u00fablico el a\u00f1o pasado, est\u00e1 listo el programa del \u201cSegundo Festival de las Suculentas en Tlaxcala\u201d que se efectuar\u00e1 [&hellip;]<\/p>\n","protected":false},"author":9,"featured_media":97962,"comment_status":"open","ping_status":"open","sticky":false,"template":"","format":"standard","meta":{"om_disable_all_campaigns":false,"_monsterinsights_skip_tracking":false,"_monsterinsights_sitenote_active":false,"_monsterinsights_sitenote_note":"","_monsterinsights_sitenote_category":0,"jnews-multi-image_gallery":[],"jnews_single_post":{"format":"standard"},"jnews_primary_category":[],"footnotes":""},"categories":[1],"tags":[],"class_list":["post-97961","post","type-post","status-publish","format-standard","has-post-thumbnail","hentry","category-uncategorized"],"aioseo_notices":[],"_links":{"self":[{"href":"https:\/\/estado29.mx\/index.php?rest_route=\/wp\/v2\/posts\/97961","targetHints":{"allow":["GET"]}}],"collection":[{"href":"https:\/\/estado29.mx\/index.php?rest_route=\/wp\/v2\/posts"}],"about":[{"href":"https:\/\/estado29.mx\/index.php?rest_route=\/wp\/v2\/types\/post"}],"author":[{"embeddable":true,"href":"https:\/\/estado29.mx\/index.php?rest_route=\/wp\/v2\/users\/9"}],"replies":[{"embeddable":true,"href":"https:\/\/estado29.mx\/index.php?rest_route=%2Fwp%2Fv2%2Fcomments&post=97961"}],"version-history":[{"count":1,"href":"https:\/\/estado29.mx\/index.php?rest_route=\/wp\/v2\/posts\/97961\/revisions"}],"predecessor-version":[{"id":97963,"href":"https:\/\/estado29.mx\/index.php?rest_route=\/wp\/v2\/posts\/97961\/revisions\/97963"}],"wp:featuredmedia":[{"embeddable":true,"href":"https:\/\/estado29.mx\/index.php?rest_route=\/wp\/v2\/media\/97962"}],"wp:attachment":[{"href":"https:\/\/estado29.mx\/index.php?rest_route=%2Fwp%2Fv2%2Fmedia&parent=97961"}],"wp:term":[{"taxonomy":"category","embeddable":true,"href":"https:\/\/estado29.mx\/index.php?rest_route=%2Fwp%2Fv2%2Fcategories&post=97961"},{"taxonomy":"post_tag","embeddable":true,"href":"https:\/\/estado29.mx\/index.php?rest_route=%2Fwp%2Fv2%2Ftags&post=97961"}],"curies":[{"name":"wp","href":"https:\/\/api.w.org\/{rel}","templated":true}]}}