{"id":97967,"date":"2025-08-07T23:51:46","date_gmt":"2025-08-07T23:51:46","guid":{"rendered":"https:\/\/estado29.mx\/?p=97967"},"modified":"2025-08-07T23:51:46","modified_gmt":"2025-08-07T23:51:46","slug":"uatx-fortalece-su-presencia-internacional-a-traves-de-la-movilidad-estudiantil","status":"publish","type":"post","link":"https:\/\/estado29.mx\/?p=97967","title":{"rendered":"UATx fortalece su presencia internacional a trav\u00e9s de la movilidad estudiantil"},"content":{"rendered":"<figure class=\"wp-block-post-featured-image\"><img loading=\"lazy\" decoding=\"async\" width=\"1187\" height=\"782\" src=\"https:\/\/estado29.mx\/wp-content\/uploads\/2025\/08\/WhatsApp-Image-2025-08-07-at-5.51.29-PM.jpeg\" class=\"attachment-post-thumbnail size-post-thumbnail wp-post-image\" alt=\"\" style=\"object-fit:cover;\" srcset=\"https:\/\/estado29.mx\/wp-content\/uploads\/2025\/08\/WhatsApp-Image-2025-08-07-at-5.51.29-PM.jpeg 1187w, https:\/\/estado29.mx\/wp-content\/uploads\/2025\/08\/WhatsApp-Image-2025-08-07-at-5.51.29-PM-300x198.jpeg 300w, https:\/\/estado29.mx\/wp-content\/uploads\/2025\/08\/WhatsApp-Image-2025-08-07-at-5.51.29-PM-1024x675.jpeg 1024w, https:\/\/estado29.mx\/wp-content\/uploads\/2025\/08\/WhatsApp-Image-2025-08-07-at-5.51.29-PM-768x506.jpeg 768w, https:\/\/estado29.mx\/wp-content\/uploads\/2025\/08\/WhatsApp-Image-2025-08-07-at-5.51.29-PM-750x494.jpeg 750w, https:\/\/estado29.mx\/wp-content\/uploads\/2025\/08\/WhatsApp-Image-2025-08-07-at-5.51.29-PM-1140x751.jpeg 1140w\" sizes=\"auto, (max-width: 1187px) 100vw, 1187px\" \/><\/figure>\n\n\n<p>\u00fc Rector presidi\u00f3 encuentro con embajadores UATx<\/p>\n\n\n\n<p>Los estudiantes de la Universidad Aut\u00f3noma de Tlaxcala (UATx) que participan en el Programa de Movilidad e Intercambio Acad\u00e9mico se convierten en portavoces de la grandeza de nuestra Universidad y del estado de Tlaxcala, asegur\u00f3 el Rector, Doctor Seraf\u00edn Ortiz Ortiz, quien sostuvo una reuni\u00f3n con 63 educandos que realizar\u00e1n una estancia en universidades de M\u00e9xico y del extranjero.<\/p>\n\n\n\n<p>Acompa\u00f1ado por el Maestro Antonio Durante Murillo, Coordinador de Enlace Internacional, Vinculaci\u00f3n e Intercambio Acad\u00e9mico (CEIVIA), el Doctor Seraf\u00edn Ortiz presidi\u00f3 este encuentro con estudiantes que integran el grupo de embajadores UATx de los programas de movilidad e intercambio acad\u00e9mico para el periodo Oto\u00f1o 2025, quienes realizar\u00e1n estancias en Argentina, Brasil, Colombia, Espa\u00f1a y Per\u00fa, y en diversas universidades del pa\u00eds.<\/p>\n\n\n\n<p>Durante su mensaje en la Sala de Videoconferencias de la Infoteca, el Doctor Ortiz Ortiz destac\u00f3 al Modelo Humanista Integrador basado en Capacidades (MHIC) como una propuesta educativa \u00fanica en M\u00e9xico, que busca formar profesionistas con una visi\u00f3n integral, al vincular el conocimiento con las problem\u00e1ticas de la sociedad.<\/p>\n\n\n\n<p>Asimismo, invit\u00f3 a los j\u00f3venes a vivir intensamente esta experiencia y a ser portavoces de la grandeza de la UATx para posicionarla por su modelo educativo y sus pr\u00e1cticas de vinculaci\u00f3n con la comunidad que han permitido al estudiante integrar teor\u00eda y pr\u00e1ctica.<\/p>\n\n\n\n<p>A su vez, el Maestro Antonio Durante reconoci\u00f3 el respaldo del Rector para modernizar los procesos de movilidad con la automatizaci\u00f3n de los tr\u00e1mites que facilitan la gesti\u00f3n administrativa de los estudiantes de la UATx y del exterior. Se\u00f1al\u00f3 que esta experiencia de internacionalizaci\u00f3n e interculturalidad enriquecer\u00e1 su trayectoria acad\u00e9mica y fortalecer\u00e1 su identidad universitaria.<\/p>\n\n\n\n<p>Las estudiantes Mitzi Gonz\u00e1lez Hern\u00e1ndez, de la Licenciatura en Derecho y candidata a beca CUMex, quien realizar\u00e1 movilidad a la Universidad Ju\u00e1rez del Estado de Durango, y Hazel Rodr\u00edguez Rosales, alumna de Licenciatura en Cirujano Dentista, con beca de intercambio para movilidad en la Universidad Cat\u00f3lica de Santa Mar\u00eda Arequipa, Per\u00fa, agradecieron esta oportunidad que les brinda la UATx para ser<\/p>\n\n\n\n<p>part\u00edcipes de una experiencia educativa que contribuir\u00e1 a su formaci\u00f3n profesional y personal y a conocer otras culturas para enriquecer su visi\u00f3n del mundo.<\/p>\n\n\n\n<p>Para este ciclo escolar 34 embajadores de la UATx realizar\u00e1n movilidad nacional presencial y 7 en formato virtual, en las universidades aut\u00f3nomas de Baja California, Chiapas, Nuevo Le\u00f3n, Quer\u00e9taro, Quintana Roo y Luis Potos\u00ed; en las universidades de Guadalajara, Ju\u00e1rez del Estado de Durango, Veracruzana; Benem\u00e9rita Universidad Aut\u00f3noma de Puebla, Instituto Polit\u00e9cnico Nacional y Universidad Nacional Aut\u00f3noma de M\u00e9xico.<\/p>\n\n\n\n<p>Adem\u00e1s, 22 estudiantes participar\u00e1n en programas de intercambio acad\u00e9mico y movilidad internacional en universidades de Am\u00e9rica Latina y Europa, entre las que se encuentran la Universidad Nacional de Entre R\u00edos de Argentina, Universidad de Estadual de Feira de Santana en Brasil; Universidad de Cartagena, Universidad Antonio Nari\u00f1o (Sede Bogot\u00e1), Universidad Pedag\u00f3gica y Tecnol\u00f3gica de Colombia, Universidad El Bosque de Bogot\u00e1, todas de Colombia; Universidad Cat\u00f3lica de Santa Mar\u00eda, Arequipa; Universidad de Le\u00f3n y Universidad de Castilla-La Mancha, ambas de Espa\u00f1a.<\/p>\n","protected":false},"excerpt":{"rendered":"<p>\u00fc Rector presidi\u00f3 encuentro con embajadores UATx Los estudiantes de la Universidad Aut\u00f3noma de Tlaxcala (UATx) que participan en el Programa de Movilidad e Intercambio Acad\u00e9mico se convierten en portavoces de la grandeza de nuestra Universidad y del estado de Tlaxcala, asegur\u00f3 el Rector, Doctor Seraf\u00edn Ortiz Ortiz, quien sostuvo una reuni\u00f3n con 63 educandos [&hellip;]<\/p>\n","protected":false},"author":9,"featured_media":97968,"comment_status":"open","ping_status":"open","sticky":false,"template":"","format":"standard","meta":{"om_disable_all_campaigns":false,"_monsterinsights_skip_tracking":false,"_monsterinsights_sitenote_active":false,"_monsterinsights_sitenote_note":"","_monsterinsights_sitenote_category":0,"jnews-multi-image_gallery":[],"jnews_single_post":{"format":"standard"},"jnews_primary_category":[],"footnotes":""},"categories":[1],"tags":[],"class_list":["post-97967","post","type-post","status-publish","format-standard","has-post-thumbnail","hentry","category-uncategorized"],"aioseo_notices":[],"_links":{"self":[{"href":"https:\/\/estado29.mx\/index.php?rest_route=\/wp\/v2\/posts\/97967","targetHints":{"allow":["GET"]}}],"collection":[{"href":"https:\/\/estado29.mx\/index.php?rest_route=\/wp\/v2\/posts"}],"about":[{"href":"https:\/\/estado29.mx\/index.php?rest_route=\/wp\/v2\/types\/post"}],"author":[{"embeddable":true,"href":"https:\/\/estado29.mx\/index.php?rest_route=\/wp\/v2\/users\/9"}],"replies":[{"embeddable":true,"href":"https:\/\/estado29.mx\/index.php?rest_route=%2Fwp%2Fv2%2Fcomments&post=97967"}],"version-history":[{"count":1,"href":"https:\/\/estado29.mx\/index.php?rest_route=\/wp\/v2\/posts\/97967\/revisions"}],"predecessor-version":[{"id":97969,"href":"https:\/\/estado29.mx\/index.php?rest_route=\/wp\/v2\/posts\/97967\/revisions\/97969"}],"wp:featuredmedia":[{"embeddable":true,"href":"https:\/\/estado29.mx\/index.php?rest_route=\/wp\/v2\/media\/97968"}],"wp:attachment":[{"href":"https:\/\/estado29.mx\/index.php?rest_route=%2Fwp%2Fv2%2Fmedia&parent=97967"}],"wp:term":[{"taxonomy":"category","embeddable":true,"href":"https:\/\/estado29.mx\/index.php?rest_route=%2Fwp%2Fv2%2Fcategories&post=97967"},{"taxonomy":"post_tag","embeddable":true,"href":"https:\/\/estado29.mx\/index.php?rest_route=%2Fwp%2Fv2%2Ftags&post=97967"}],"curies":[{"name":"wp","href":"https:\/\/api.w.org\/{rel}","templated":true}]}}