{"id":97979,"date":"2025-08-08T01:19:57","date_gmt":"2025-08-08T01:19:57","guid":{"rendered":"https:\/\/estado29.mx\/?p=97979"},"modified":"2025-08-08T01:19:57","modified_gmt":"2025-08-08T01:19:57","slug":"el-poder-del-norte-se-presentara-este-viernes-8-de-agosto-en-la-feria-internacional-del-arte-efimero-y-la-dalia-huamantla-2025","status":"publish","type":"post","link":"https:\/\/estado29.mx\/?p=97979","title":{"rendered":"\u201cEl Poder del Norte\u201d se presentar\u00e1 este viernes 8 de agosto en la Feria Internacional del Arte Ef\u00edmero y la Dalia Huamantla 2025"},"content":{"rendered":"<figure class=\"wp-block-post-featured-image\"><img loading=\"lazy\" decoding=\"async\" width=\"1080\" height=\"1350\" src=\"https:\/\/estado29.mx\/wp-content\/uploads\/2025\/08\/IMG-20250805-WA0007.jpg\" class=\"attachment-post-thumbnail size-post-thumbnail wp-post-image\" alt=\"\" style=\"object-fit:cover;\" srcset=\"https:\/\/estado29.mx\/wp-content\/uploads\/2025\/08\/IMG-20250805-WA0007.jpg 1080w, https:\/\/estado29.mx\/wp-content\/uploads\/2025\/08\/IMG-20250805-WA0007-240x300.jpg 240w, https:\/\/estado29.mx\/wp-content\/uploads\/2025\/08\/IMG-20250805-WA0007-819x1024.jpg 819w, https:\/\/estado29.mx\/wp-content\/uploads\/2025\/08\/IMG-20250805-WA0007-768x960.jpg 768w, https:\/\/estado29.mx\/wp-content\/uploads\/2025\/08\/IMG-20250805-WA0007-750x938.jpg 750w\" sizes=\"auto, (max-width: 1080px) 100vw, 1080px\" \/><\/figure>\n\n\n<p>El Gobierno Municipal de Huamantla informa que este viernes 8 de agosto se llevar\u00e1 a cabo la presentaci\u00f3n estelar de El Poder del Norte en el Foro del Artista, como parte de la extensa cartelera musical de la Feria de Huamantla 2025\ufffc.<\/p>\n\n\n\n<p>\u2714\ufe0f Boletos disponibles \u00fanicamente en:<br>\u2022 www.feriadehuamantla2025.com<br>\u2022 M\u00f3dulo de venta oficial frente a la Presidencia Municipal de Huamantla \ufffc<\/p>\n\n\n\n<p>\u26a0\ufe0f Recomendaciones importantes:<br>\u2022 No adquieras boletos en reventa, no garantizan tu acceso.<br>\u2022 Cada persona debe presentar su boleto digital con QR \u00fanico.<br>\u2022 Se aplicar\u00e1n las medidas de seguridad necesarias para el bienestar de los asistentes.<\/p>\n\n\n\n<p>Invitamos al p\u00fablico en general a disfrutar con entusiasmo y responsabilidad de esta noche llena de m\u00fasica y sentimiento norte\u00f1o.<\/p>\n\n\n\n<p>\u00a1Nos vemos en la feria!<\/p>\n","protected":false},"excerpt":{"rendered":"<p>El Gobierno Municipal de Huamantla informa que este viernes 8 de agosto se llevar\u00e1 a cabo la presentaci\u00f3n estelar de El Poder del Norte en el Foro del Artista, como parte de la extensa cartelera musical de la Feria de Huamantla 2025\ufffc. \u2714\ufe0f Boletos disponibles \u00fanicamente en:\u2022 www.feriadehuamantla2025.com\u2022 M\u00f3dulo de venta oficial frente a la [&hellip;]<\/p>\n","protected":false},"author":9,"featured_media":97980,"comment_status":"open","ping_status":"open","sticky":false,"template":"","format":"standard","meta":{"om_disable_all_campaigns":false,"_monsterinsights_skip_tracking":false,"_monsterinsights_sitenote_active":false,"_monsterinsights_sitenote_note":"","_monsterinsights_sitenote_category":0,"jnews-multi-image_gallery":[],"jnews_single_post":{"format":"standard"},"jnews_primary_category":[],"footnotes":""},"categories":[1],"tags":[],"class_list":["post-97979","post","type-post","status-publish","format-standard","has-post-thumbnail","hentry","category-uncategorized"],"aioseo_notices":[],"_links":{"self":[{"href":"https:\/\/estado29.mx\/index.php?rest_route=\/wp\/v2\/posts\/97979","targetHints":{"allow":["GET"]}}],"collection":[{"href":"https:\/\/estado29.mx\/index.php?rest_route=\/wp\/v2\/posts"}],"about":[{"href":"https:\/\/estado29.mx\/index.php?rest_route=\/wp\/v2\/types\/post"}],"author":[{"embeddable":true,"href":"https:\/\/estado29.mx\/index.php?rest_route=\/wp\/v2\/users\/9"}],"replies":[{"embeddable":true,"href":"https:\/\/estado29.mx\/index.php?rest_route=%2Fwp%2Fv2%2Fcomments&post=97979"}],"version-history":[{"count":1,"href":"https:\/\/estado29.mx\/index.php?rest_route=\/wp\/v2\/posts\/97979\/revisions"}],"predecessor-version":[{"id":97981,"href":"https:\/\/estado29.mx\/index.php?rest_route=\/wp\/v2\/posts\/97979\/revisions\/97981"}],"wp:featuredmedia":[{"embeddable":true,"href":"https:\/\/estado29.mx\/index.php?rest_route=\/wp\/v2\/media\/97980"}],"wp:attachment":[{"href":"https:\/\/estado29.mx\/index.php?rest_route=%2Fwp%2Fv2%2Fmedia&parent=97979"}],"wp:term":[{"taxonomy":"category","embeddable":true,"href":"https:\/\/estado29.mx\/index.php?rest_route=%2Fwp%2Fv2%2Fcategories&post=97979"},{"taxonomy":"post_tag","embeddable":true,"href":"https:\/\/estado29.mx\/index.php?rest_route=%2Fwp%2Fv2%2Ftags&post=97979"}],"curies":[{"name":"wp","href":"https:\/\/api.w.org\/{rel}","templated":true}]}}