{"id":97994,"date":"2025-08-08T01:33:57","date_gmt":"2025-08-08T01:33:57","guid":{"rendered":"https:\/\/estado29.mx\/?p=97994"},"modified":"2025-08-08T01:33:57","modified_gmt":"2025-08-08T01:33:57","slug":"direccion-de-seguridad-publica-transito-y-proteccion-civil-de-huamantla","status":"publish","type":"post","link":"https:\/\/estado29.mx\/?p=97994","title":{"rendered":"Direcci\u00f3n de Seguridad P\u00fablica, Tr\u00e1nsito y Protecci\u00f3n Civil de Huamantla"},"content":{"rendered":"<figure class=\"wp-block-post-featured-image\"><img loading=\"lazy\" decoding=\"async\" width=\"585\" height=\"1040\" src=\"https:\/\/estado29.mx\/wp-content\/uploads\/2025\/08\/IMG-20250805-WA0188.jpg\" class=\"attachment-post-thumbnail size-post-thumbnail wp-post-image\" alt=\"\" style=\"object-fit:cover;\" srcset=\"https:\/\/estado29.mx\/wp-content\/uploads\/2025\/08\/IMG-20250805-WA0188.jpg 585w, https:\/\/estado29.mx\/wp-content\/uploads\/2025\/08\/IMG-20250805-WA0188-169x300.jpg 169w, https:\/\/estado29.mx\/wp-content\/uploads\/2025\/08\/IMG-20250805-WA0188-576x1024.jpg 576w\" sizes=\"auto, (max-width: 585px) 100vw, 585px\" \/><\/figure>\n\n\n<p>La Direcci\u00f3n de Seguridad P\u00fablica, Tr\u00e1nsito y Protecci\u00f3n Civil de HuamantlaLa Direcci\u00f3n de Seguridad P\u00fablica, Tr\u00e1nsito y Protecci\u00f3n Civil de Huamantla informa que este martes se atendi\u00f3 un reporte en la comunidad del Pueblo de la Cruz, donde se localiz\u00f3 a una persona inconsciente al interior de un domicilio ubicado sobre Avenida Hidalgo.<\/p>\n\n\n\n<p>Al recibir la solicitud de apoyo, personal de Seguridad P\u00fablica y Protecci\u00f3n Civil Municipal acudi\u00f3 de inmediato al lugar, donde se confirm\u00f3 el lamentable fallecimiento de la se\u00f1ora Te\u00f3fila N., trabajadora del \u00e1rea de limpia p\u00fablica de este Ayuntamiento.<\/p>\n\n\n\n<p>Las autoridades correspondientes fueron notificadas para realizar el procedimiento legal conforme a protocolo.<\/p>\n\n\n\n<p>El Gobierno Municipal de Huamantla expresa su m\u00e1s sentido p\u00e9same a los familiares y seres queridos de la se\u00f1ora Te\u00f3fila, reconociendo su labor y compromiso con nuestra comunidad.<\/p>\n","protected":false},"excerpt":{"rendered":"<p>La Direcci\u00f3n de Seguridad P\u00fablica, Tr\u00e1nsito y Protecci\u00f3n Civil de HuamantlaLa Direcci\u00f3n de Seguridad P\u00fablica, Tr\u00e1nsito y Protecci\u00f3n Civil de Huamantla informa que este martes se atendi\u00f3 un reporte en la comunidad del Pueblo de la Cruz, donde se localiz\u00f3 a una persona inconsciente al interior de un domicilio ubicado sobre Avenida Hidalgo. Al recibir [&hellip;]<\/p>\n","protected":false},"author":9,"featured_media":97995,"comment_status":"open","ping_status":"open","sticky":false,"template":"","format":"standard","meta":{"om_disable_all_campaigns":false,"_monsterinsights_skip_tracking":false,"_monsterinsights_sitenote_active":false,"_monsterinsights_sitenote_note":"","_monsterinsights_sitenote_category":0,"jnews-multi-image_gallery":[],"jnews_single_post":{"format":"standard"},"jnews_primary_category":[],"footnotes":""},"categories":[1],"tags":[],"class_list":["post-97994","post","type-post","status-publish","format-standard","has-post-thumbnail","hentry","category-uncategorized"],"aioseo_notices":[],"_links":{"self":[{"href":"https:\/\/estado29.mx\/index.php?rest_route=\/wp\/v2\/posts\/97994","targetHints":{"allow":["GET"]}}],"collection":[{"href":"https:\/\/estado29.mx\/index.php?rest_route=\/wp\/v2\/posts"}],"about":[{"href":"https:\/\/estado29.mx\/index.php?rest_route=\/wp\/v2\/types\/post"}],"author":[{"embeddable":true,"href":"https:\/\/estado29.mx\/index.php?rest_route=\/wp\/v2\/users\/9"}],"replies":[{"embeddable":true,"href":"https:\/\/estado29.mx\/index.php?rest_route=%2Fwp%2Fv2%2Fcomments&post=97994"}],"version-history":[{"count":1,"href":"https:\/\/estado29.mx\/index.php?rest_route=\/wp\/v2\/posts\/97994\/revisions"}],"predecessor-version":[{"id":97996,"href":"https:\/\/estado29.mx\/index.php?rest_route=\/wp\/v2\/posts\/97994\/revisions\/97996"}],"wp:featuredmedia":[{"embeddable":true,"href":"https:\/\/estado29.mx\/index.php?rest_route=\/wp\/v2\/media\/97995"}],"wp:attachment":[{"href":"https:\/\/estado29.mx\/index.php?rest_route=%2Fwp%2Fv2%2Fmedia&parent=97994"}],"wp:term":[{"taxonomy":"category","embeddable":true,"href":"https:\/\/estado29.mx\/index.php?rest_route=%2Fwp%2Fv2%2Fcategories&post=97994"},{"taxonomy":"post_tag","embeddable":true,"href":"https:\/\/estado29.mx\/index.php?rest_route=%2Fwp%2Fv2%2Ftags&post=97994"}],"curies":[{"name":"wp","href":"https:\/\/api.w.org\/{rel}","templated":true}]}}