{"id":98059,"date":"2025-08-11T13:35:48","date_gmt":"2025-08-11T13:35:48","guid":{"rendered":"https:\/\/estado29.mx\/?p=98059"},"modified":"2025-08-11T13:35:51","modified_gmt":"2025-08-11T13:35:51","slug":"asignan-horas-a-docentes-del-cecyte-emsad-para-el-ciclo-escolar-2025-2026","status":"publish","type":"post","link":"https:\/\/estado29.mx\/?p=98059","title":{"rendered":"Asignan horas a docentes del CECYTE-EMSAD para el ciclo escolar 2025-2026"},"content":{"rendered":"\n<p><\/p>\n\n\n\n<p>\u2022&nbsp;&nbsp;&nbsp;&nbsp;&nbsp;&nbsp;&nbsp;&nbsp;&nbsp; Bajo los principios de legalidad, transparencia y equidad que rigen los procesos de admisi\u00f3n en el nivel medio superior<\/p>\n\n\n\n<p>En cumplimiento de la Ley General del Sistema para la Carrera de las Maestras y los Maestros, as\u00ed como del Acuerdo que establece los criterios e indicadores para el proceso de admisi\u00f3n en Educaci\u00f3n Media Superior, el Colegio de Estudios Cient\u00edficos y Tecnol\u00f3gicos del Estado y los Centros de Educaci\u00f3n Media Superior a Distancia (Cecyte-Emsad) realizaron el evento p\u00fablico de Asignaci\u00f3n de Horas Semana-Mes-Temporales, correspondiente al semestre A del ciclo escolar 2025-2026.<\/p>\n\n\n\n<p>El proceso se realiz\u00f3 en dos sedes: en el CECyTE Plantel 08 de Apetatitl\u00e1n se asignaron mil 686 horas temporales, mientras que en la sala &#8220;Benito Ju\u00e1rez&#8221; de la Direcci\u00f3n General del subsistema, se asignaron 97 horas temporales para docentes del Emsad.<\/p>\n\n\n\n<p>Durante su mensaje, el director general del Cecyte-Emsad, Blas Marvin Mora Olvera, dio la bienvenida a las y los nuevos docentes, a quienes felicit\u00f3 por incorporarse a la comunidad educativa del subsistema, y los exhort\u00f3 a desempe\u00f1ar su labor con profesionalismo y compromiso con la juventud tlaxcalteca.<\/p>\n\n\n\n<p>Por su parte, la directora de Profesiones y de Educaci\u00f3n Media Superior y Superior de la SEPE-USET, Sandra Morelos Arellano, reconoci\u00f3 el esfuerzo de las y los aspirantes, y los felicit\u00f3 por ser parte de un proceso transparente y basado en m\u00e9ritos, subrayando la importancia de su papel en el fortalecimiento del sistema educativo estatal.<\/p>\n\n\n\n<p>Con esta asignaci\u00f3n p\u00fablica y ordenada, se garantiza el cumplimiento de los principios de legalidad, transparencia y equidad que rigen los procesos de admisi\u00f3n en el nivel medio superior.<\/p>\n","protected":false},"excerpt":{"rendered":"<p>\u2022&nbsp;&nbsp;&nbsp;&nbsp;&nbsp;&nbsp;&nbsp;&nbsp;&nbsp; Bajo los principios de legalidad, transparencia y equidad que rigen los procesos de admisi\u00f3n en el nivel medio superior En cumplimiento de la Ley General del Sistema para la Carrera de las Maestras y los Maestros, as\u00ed como del Acuerdo que establece los criterios e indicadores para el proceso de admisi\u00f3n en Educaci\u00f3n Media [&hellip;]<\/p>\n","protected":false},"author":4,"featured_media":98060,"comment_status":"open","ping_status":"open","sticky":false,"template":"","format":"standard","meta":{"om_disable_all_campaigns":false,"_monsterinsights_skip_tracking":false,"_monsterinsights_sitenote_active":false,"_monsterinsights_sitenote_note":"","_monsterinsights_sitenote_category":0,"jnews-multi-image_gallery":[],"jnews_single_post":{"format":"standard"},"jnews_primary_category":[],"footnotes":""},"categories":[1],"tags":[],"class_list":["post-98059","post","type-post","status-publish","format-standard","has-post-thumbnail","hentry","category-uncategorized"],"aioseo_notices":[],"_links":{"self":[{"href":"https:\/\/estado29.mx\/index.php?rest_route=\/wp\/v2\/posts\/98059","targetHints":{"allow":["GET"]}}],"collection":[{"href":"https:\/\/estado29.mx\/index.php?rest_route=\/wp\/v2\/posts"}],"about":[{"href":"https:\/\/estado29.mx\/index.php?rest_route=\/wp\/v2\/types\/post"}],"author":[{"embeddable":true,"href":"https:\/\/estado29.mx\/index.php?rest_route=\/wp\/v2\/users\/4"}],"replies":[{"embeddable":true,"href":"https:\/\/estado29.mx\/index.php?rest_route=%2Fwp%2Fv2%2Fcomments&post=98059"}],"version-history":[{"count":1,"href":"https:\/\/estado29.mx\/index.php?rest_route=\/wp\/v2\/posts\/98059\/revisions"}],"predecessor-version":[{"id":98061,"href":"https:\/\/estado29.mx\/index.php?rest_route=\/wp\/v2\/posts\/98059\/revisions\/98061"}],"wp:featuredmedia":[{"embeddable":true,"href":"https:\/\/estado29.mx\/index.php?rest_route=\/wp\/v2\/media\/98060"}],"wp:attachment":[{"href":"https:\/\/estado29.mx\/index.php?rest_route=%2Fwp%2Fv2%2Fmedia&parent=98059"}],"wp:term":[{"taxonomy":"category","embeddable":true,"href":"https:\/\/estado29.mx\/index.php?rest_route=%2Fwp%2Fv2%2Fcategories&post=98059"},{"taxonomy":"post_tag","embeddable":true,"href":"https:\/\/estado29.mx\/index.php?rest_route=%2Fwp%2Fv2%2Ftags&post=98059"}],"curies":[{"name":"wp","href":"https:\/\/api.w.org\/{rel}","templated":true}]}}