{"id":98072,"date":"2025-08-12T16:18:54","date_gmt":"2025-08-12T16:18:54","guid":{"rendered":"https:\/\/estado29.mx\/?p=98072"},"modified":"2025-08-12T16:18:54","modified_gmt":"2025-08-12T16:18:54","slug":"invitan-a-participar-en-el-dia-de-la-nina-y-el-nino-alfombrista","status":"publish","type":"post","link":"https:\/\/estado29.mx\/?p=98072","title":{"rendered":"Invitan a participar en el D\u00eda de la ni\u00f1a y el ni\u00f1o alfombrista."},"content":{"rendered":"\n<p>Con la finalidad de preservar las costumbres y tradiciones del municipio de Huamantla, el ayuntamiento de este pueblo m\u00e1gico, invita a participar en el D\u00eda de la Ni\u00f1a y Ni\u00f1o Alfombrista.<\/p>\n\n\n\n<p>Con lo que se busca que los peque\u00f1os plasmen su creatividad en un espacio digno e infantil, dentro del marco de la feria de Huamantla, en honor a la Virgen de la Caridad.&nbsp;<\/p>\n\n\n\n<p>La cita es este martes a partir de las 10:00 de la ma\u00f1ana, en donde ni\u00f1as y ni\u00f1os de diferentes instituciones educativas y familias huamantlecas se dar\u00e1n cita frente a la Casa de la Cultura para elaborar alfombras de aserr\u00edn llenas de color y simbolismo, dando vida a una de las expresiones m\u00e1s significativas del arte ef\u00edmero que caracteriza a Huamantla.<\/p>\n\n\n\n<p>Tambi\u00e9n se ha hecho una invitaci\u00f3n a la ciudadan\u00eda en general para apoyar a los peque\u00f1os en la realizaci\u00f3n de estas alfombras en donde se utilizar\u00e1n materiales con las que las realizan los maestros alfombristas.&nbsp;<\/p>\n","protected":false},"excerpt":{"rendered":"<p>Con la finalidad de preservar las costumbres y tradiciones del municipio de Huamantla, el ayuntamiento de este pueblo m\u00e1gico, invita a participar en el D\u00eda de la Ni\u00f1a y Ni\u00f1o Alfombrista. Con lo que se busca que los peque\u00f1os plasmen su creatividad en un espacio digno e infantil, dentro del marco de la feria de [&hellip;]<\/p>\n","protected":false},"author":5,"featured_media":98073,"comment_status":"open","ping_status":"open","sticky":false,"template":"","format":"standard","meta":{"om_disable_all_campaigns":false,"_monsterinsights_skip_tracking":false,"_monsterinsights_sitenote_active":false,"_monsterinsights_sitenote_note":"","_monsterinsights_sitenote_category":0,"jnews-multi-image_gallery":[],"jnews_single_post":{"format":"standard"},"jnews_primary_category":[],"footnotes":""},"categories":[1],"tags":[],"class_list":["post-98072","post","type-post","status-publish","format-standard","has-post-thumbnail","hentry","category-uncategorized"],"aioseo_notices":[],"_links":{"self":[{"href":"https:\/\/estado29.mx\/index.php?rest_route=\/wp\/v2\/posts\/98072","targetHints":{"allow":["GET"]}}],"collection":[{"href":"https:\/\/estado29.mx\/index.php?rest_route=\/wp\/v2\/posts"}],"about":[{"href":"https:\/\/estado29.mx\/index.php?rest_route=\/wp\/v2\/types\/post"}],"author":[{"embeddable":true,"href":"https:\/\/estado29.mx\/index.php?rest_route=\/wp\/v2\/users\/5"}],"replies":[{"embeddable":true,"href":"https:\/\/estado29.mx\/index.php?rest_route=%2Fwp%2Fv2%2Fcomments&post=98072"}],"version-history":[{"count":1,"href":"https:\/\/estado29.mx\/index.php?rest_route=\/wp\/v2\/posts\/98072\/revisions"}],"predecessor-version":[{"id":98074,"href":"https:\/\/estado29.mx\/index.php?rest_route=\/wp\/v2\/posts\/98072\/revisions\/98074"}],"wp:featuredmedia":[{"embeddable":true,"href":"https:\/\/estado29.mx\/index.php?rest_route=\/wp\/v2\/media\/98073"}],"wp:attachment":[{"href":"https:\/\/estado29.mx\/index.php?rest_route=%2Fwp%2Fv2%2Fmedia&parent=98072"}],"wp:term":[{"taxonomy":"category","embeddable":true,"href":"https:\/\/estado29.mx\/index.php?rest_route=%2Fwp%2Fv2%2Fcategories&post=98072"},{"taxonomy":"post_tag","embeddable":true,"href":"https:\/\/estado29.mx\/index.php?rest_route=%2Fwp%2Fv2%2Ftags&post=98072"}],"curies":[{"name":"wp","href":"https:\/\/api.w.org\/{rel}","templated":true}]}}