{"id":98269,"date":"2025-08-19T18:20:13","date_gmt":"2025-08-19T18:20:13","guid":{"rendered":"https:\/\/estado29.mx\/?p=98269"},"modified":"2025-08-19T18:20:13","modified_gmt":"2025-08-19T18:20:13","slug":"deja-volcadura-algunos-lesionados-en-huamantla","status":"publish","type":"post","link":"https:\/\/estado29.mx\/?p=98269","title":{"rendered":"Deja volcadura algunos lesionados en Huamantla.\u00a0"},"content":{"rendered":"\n<p>Durante la tarde &#8211; noche de ayer domingo, se registr\u00f3 un percance automovil\u00edstico sobre la carretera M\u00e9xico &#8211; Veracruz a la altura de la comunidad de Cuauht\u00e9moc.<\/p>\n\n\n\n<p>A trav\u00e9s del n\u00famero de emergencia 911 se report\u00f3 la volcadura de una camioneta familiar en color rojo con matr\u00edculas del estado de Tlaxcala.<\/p>\n\n\n\n<p>A pesar de lo aparatoso del accidente, los tripulantes de la unidad resultaron con algunas lesiones por lo que fue necesario realizar su traslado a un nosocomio para su atenci\u00f3n m\u00e9dica.<\/p>\n\n\n\n<p>De este hecho se hizo cargo, Guardia Nacional divisi\u00f3n caminos, por lo que fue retirada la unidad con ayuda de una gr\u00faa para que finalmente se reabriera la circulaci\u00f3n de manera total.&nbsp;<\/p>\n","protected":false},"excerpt":{"rendered":"<p>Durante la tarde &#8211; noche de ayer domingo, se registr\u00f3 un percance automovil\u00edstico sobre la carretera M\u00e9xico &#8211; Veracruz a la altura de la comunidad de Cuauht\u00e9moc. A trav\u00e9s del n\u00famero de emergencia 911 se report\u00f3 la volcadura de una camioneta familiar en color rojo con matr\u00edculas del estado de Tlaxcala. A pesar de lo [&hellip;]<\/p>\n","protected":false},"author":5,"featured_media":98270,"comment_status":"open","ping_status":"open","sticky":false,"template":"","format":"standard","meta":{"om_disable_all_campaigns":false,"_monsterinsights_skip_tracking":false,"_monsterinsights_sitenote_active":false,"_monsterinsights_sitenote_note":"","_monsterinsights_sitenote_category":0,"jnews-multi-image_gallery":[],"jnews_single_post":{"format":"standard"},"jnews_primary_category":[],"footnotes":""},"categories":[1],"tags":[],"class_list":["post-98269","post","type-post","status-publish","format-standard","has-post-thumbnail","hentry","category-uncategorized"],"aioseo_notices":[],"_links":{"self":[{"href":"https:\/\/estado29.mx\/index.php?rest_route=\/wp\/v2\/posts\/98269","targetHints":{"allow":["GET"]}}],"collection":[{"href":"https:\/\/estado29.mx\/index.php?rest_route=\/wp\/v2\/posts"}],"about":[{"href":"https:\/\/estado29.mx\/index.php?rest_route=\/wp\/v2\/types\/post"}],"author":[{"embeddable":true,"href":"https:\/\/estado29.mx\/index.php?rest_route=\/wp\/v2\/users\/5"}],"replies":[{"embeddable":true,"href":"https:\/\/estado29.mx\/index.php?rest_route=%2Fwp%2Fv2%2Fcomments&post=98269"}],"version-history":[{"count":1,"href":"https:\/\/estado29.mx\/index.php?rest_route=\/wp\/v2\/posts\/98269\/revisions"}],"predecessor-version":[{"id":98271,"href":"https:\/\/estado29.mx\/index.php?rest_route=\/wp\/v2\/posts\/98269\/revisions\/98271"}],"wp:featuredmedia":[{"embeddable":true,"href":"https:\/\/estado29.mx\/index.php?rest_route=\/wp\/v2\/media\/98270"}],"wp:attachment":[{"href":"https:\/\/estado29.mx\/index.php?rest_route=%2Fwp%2Fv2%2Fmedia&parent=98269"}],"wp:term":[{"taxonomy":"category","embeddable":true,"href":"https:\/\/estado29.mx\/index.php?rest_route=%2Fwp%2Fv2%2Fcategories&post=98269"},{"taxonomy":"post_tag","embeddable":true,"href":"https:\/\/estado29.mx\/index.php?rest_route=%2Fwp%2Fv2%2Ftags&post=98269"}],"curies":[{"name":"wp","href":"https:\/\/api.w.org\/{rel}","templated":true}]}}