{"id":98351,"date":"2025-08-25T18:03:27","date_gmt":"2025-08-25T18:03:27","guid":{"rendered":"https:\/\/estado29.mx\/?p=98351"},"modified":"2025-08-25T18:03:27","modified_gmt":"2025-08-25T18:03:27","slug":"ninas-y-ninos-del-smdif-huamantla-participan-en-su-sesion-semanal-de-equinoterapia","status":"publish","type":"post","link":"https:\/\/estado29.mx\/?p=98351","title":{"rendered":"Ni\u00f1as y ni\u00f1os del SMDIF Huamantla participan en su sesi\u00f3n semanal de equinoterapia"},"content":{"rendered":"\n<blockquote class=\"wp-block-quote is-layout-flow wp-block-quote-is-layout-flow\"><figure class=\"wp-block-post-featured-image\"><img loading=\"lazy\" decoding=\"async\" width=\"1230\" height=\"922\" src=\"https:\/\/estado29.mx\/wp-content\/uploads\/2025\/08\/WhatsApp-Image-2025-08-19-at-4.08.12-PM.jpeg\" class=\"attachment-post-thumbnail size-post-thumbnail wp-post-image\" alt=\"\" style=\"object-fit:cover;\" srcset=\"https:\/\/estado29.mx\/wp-content\/uploads\/2025\/08\/WhatsApp-Image-2025-08-19-at-4.08.12-PM.jpeg 1230w, https:\/\/estado29.mx\/wp-content\/uploads\/2025\/08\/WhatsApp-Image-2025-08-19-at-4.08.12-PM-300x225.jpeg 300w, https:\/\/estado29.mx\/wp-content\/uploads\/2025\/08\/WhatsApp-Image-2025-08-19-at-4.08.12-PM-1024x768.jpeg 1024w, https:\/\/estado29.mx\/wp-content\/uploads\/2025\/08\/WhatsApp-Image-2025-08-19-at-4.08.12-PM-768x576.jpeg 768w, https:\/\/estado29.mx\/wp-content\/uploads\/2025\/08\/WhatsApp-Image-2025-08-19-at-4.08.12-PM-750x562.jpeg 750w, https:\/\/estado29.mx\/wp-content\/uploads\/2025\/08\/WhatsApp-Image-2025-08-19-at-4.08.12-PM-1140x855.jpeg 1140w\" sizes=\"auto, (max-width: 1230px) 100vw, 1230px\" \/><\/figure><\/blockquote>\n\n\n\n<p>C\u00f3mo cada martes, las y los menores del \u00e1rea de Psicopedagog\u00eda del Sistema Municipal para el Desarrollo Integral de la Familia (SMDIF) Huamantla participaron en su sesi\u00f3n semanal de equinoterapia, llevada a cabo en el CECAPDIF.<\/p>\n\n\n\n<p>Este programa forma parte del acompa\u00f1amiento especializado que reciben de manera peri\u00f3dica, con el objetivo de fortalecer sus procesos de desarrollo integral, brindando apoyo tanto emocional como sensorial. A trav\u00e9s de la interacci\u00f3n con los caballos y las distintas actividades terap\u00e9uticas, ni\u00f1as y ni\u00f1os desarrollan habilidades motrices, cognitivas y socioemocionales, adem\u00e1s de mejorar su autoestima y confianza.<\/p>\n\n\n\n<p>La equinoterapia se consolida como una herramienta de inclusi\u00f3n y bienestar, que permite al personal del SMDIF Huamantla ofrecer una atenci\u00f3n personalizada, adaptada a las necesidades de cada menor, fomentando un entorno de aprendizaje positivo, seguro y motivador.<\/p>\n\n\n\n<p>Con estas acciones, el Gobierno Municipal de Huamantla que preside Salvador Santos Cedillo reafirma su inter\u00e9s de promover el desarrollo integral y la calidad de vida de todas las ni\u00f1as y ni\u00f1os del municipio, garantizando espacios de atenci\u00f3n especializados que contribuyan a su crecimiento y bienestar.<\/p>\n","protected":false},"excerpt":{"rendered":"<p>C\u00f3mo cada martes, las y los menores del \u00e1rea de Psicopedagog\u00eda del Sistema Municipal para el Desarrollo Integral de la Familia (SMDIF) Huamantla participaron en su sesi\u00f3n semanal de equinoterapia, llevada a cabo en el CECAPDIF. Este programa forma parte del acompa\u00f1amiento especializado que reciben de manera peri\u00f3dica, con el objetivo de fortalecer sus procesos [&hellip;]<\/p>\n","protected":false},"author":9,"featured_media":98352,"comment_status":"open","ping_status":"open","sticky":false,"template":"","format":"standard","meta":{"om_disable_all_campaigns":false,"_monsterinsights_skip_tracking":false,"_monsterinsights_sitenote_active":false,"_monsterinsights_sitenote_note":"","_monsterinsights_sitenote_category":0,"jnews-multi-image_gallery":[],"jnews_single_post":{"format":"standard"},"jnews_primary_category":[],"footnotes":""},"categories":[1],"tags":[],"class_list":["post-98351","post","type-post","status-publish","format-standard","has-post-thumbnail","hentry","category-uncategorized"],"aioseo_notices":[],"_links":{"self":[{"href":"https:\/\/estado29.mx\/index.php?rest_route=\/wp\/v2\/posts\/98351","targetHints":{"allow":["GET"]}}],"collection":[{"href":"https:\/\/estado29.mx\/index.php?rest_route=\/wp\/v2\/posts"}],"about":[{"href":"https:\/\/estado29.mx\/index.php?rest_route=\/wp\/v2\/types\/post"}],"author":[{"embeddable":true,"href":"https:\/\/estado29.mx\/index.php?rest_route=\/wp\/v2\/users\/9"}],"replies":[{"embeddable":true,"href":"https:\/\/estado29.mx\/index.php?rest_route=%2Fwp%2Fv2%2Fcomments&post=98351"}],"version-history":[{"count":1,"href":"https:\/\/estado29.mx\/index.php?rest_route=\/wp\/v2\/posts\/98351\/revisions"}],"predecessor-version":[{"id":98353,"href":"https:\/\/estado29.mx\/index.php?rest_route=\/wp\/v2\/posts\/98351\/revisions\/98353"}],"wp:featuredmedia":[{"embeddable":true,"href":"https:\/\/estado29.mx\/index.php?rest_route=\/wp\/v2\/media\/98352"}],"wp:attachment":[{"href":"https:\/\/estado29.mx\/index.php?rest_route=%2Fwp%2Fv2%2Fmedia&parent=98351"}],"wp:term":[{"taxonomy":"category","embeddable":true,"href":"https:\/\/estado29.mx\/index.php?rest_route=%2Fwp%2Fv2%2Fcategories&post=98351"},{"taxonomy":"post_tag","embeddable":true,"href":"https:\/\/estado29.mx\/index.php?rest_route=%2Fwp%2Fv2%2Ftags&post=98351"}],"curies":[{"name":"wp","href":"https:\/\/api.w.org\/{rel}","templated":true}]}}