{"id":98360,"date":"2025-08-25T18:07:36","date_gmt":"2025-08-25T18:07:36","guid":{"rendered":"https:\/\/estado29.mx\/?p=98360"},"modified":"2025-08-25T18:07:37","modified_gmt":"2025-08-25T18:07:37","slug":"reconocen-a-la-juventud-de-huamantla-con-el-premio-lideres-huamantlecos-2025","status":"publish","type":"post","link":"https:\/\/estado29.mx\/?p=98360","title":{"rendered":"Reconocen a la juventud de Huamantla con el Premio \u201cL\u00edderes Huamantlecos 2025\u201d"},"content":{"rendered":"<figure class=\"wp-block-post-featured-image\"><img loading=\"lazy\" decoding=\"async\" width=\"2560\" height=\"1437\" src=\"https:\/\/estado29.mx\/wp-content\/uploads\/2025\/08\/WhatsApp-Image-2025-08-19-at-10.06.48-PM.jpeg\" class=\"attachment-post-thumbnail size-post-thumbnail wp-post-image\" alt=\"\" style=\"object-fit:cover;\" srcset=\"https:\/\/estado29.mx\/wp-content\/uploads\/2025\/08\/WhatsApp-Image-2025-08-19-at-10.06.48-PM.jpeg 2560w, https:\/\/estado29.mx\/wp-content\/uploads\/2025\/08\/WhatsApp-Image-2025-08-19-at-10.06.48-PM-300x168.jpeg 300w, https:\/\/estado29.mx\/wp-content\/uploads\/2025\/08\/WhatsApp-Image-2025-08-19-at-10.06.48-PM-1024x575.jpeg 1024w, https:\/\/estado29.mx\/wp-content\/uploads\/2025\/08\/WhatsApp-Image-2025-08-19-at-10.06.48-PM-768x431.jpeg 768w, https:\/\/estado29.mx\/wp-content\/uploads\/2025\/08\/WhatsApp-Image-2025-08-19-at-10.06.48-PM-1536x862.jpeg 1536w, https:\/\/estado29.mx\/wp-content\/uploads\/2025\/08\/WhatsApp-Image-2025-08-19-at-10.06.48-PM-2048x1150.jpeg 2048w, https:\/\/estado29.mx\/wp-content\/uploads\/2025\/08\/WhatsApp-Image-2025-08-19-at-10.06.48-PM-750x421.jpeg 750w, https:\/\/estado29.mx\/wp-content\/uploads\/2025\/08\/WhatsApp-Image-2025-08-19-at-10.06.48-PM-1140x640.jpeg 1140w\" sizes=\"auto, (max-width: 2560px) 100vw, 2560px\" \/><\/figure>\n\n\n<p>Con el prop\u00f3sito de reconocer el talento, la creatividad y la vocaci\u00f3n de servicio a la comunidad, se llev\u00f3 a cabo la entrega del Premio de la Juventud Huamantla 2025 \u201cL\u00edderes Huamantlecos\u201d, donde se destac\u00f3 la trayectoria de j\u00f3venes que con su esfuerzo y dedicaci\u00f3n contribuyen al desarrollo del municipio.<\/p>\n\n\n\n<p>El Premio de la Juventud se ha consolidado como uno de los eventos m\u00e1s importantes en el municipio, promoviendo la excelencia y el m\u00e9rito juvenil, incentivando a las y los j\u00f3venes a alcanzar sus metas y convertirse en l\u00edderes y agentes de cambio en sus comunidades.<\/p>\n\n\n\n<p>A trav\u00e9s de una convocatoria difundida en redes sociales, j\u00f3venes de entre 18 y 30 a\u00f1os participaron en las distintas categor\u00edas:<\/p>\n\n\n\n<pre class=\"wp-block-code\"><code>\u2022   Labor Altruista, que reconoci\u00f3 a quienes realizan acciones solidarias en beneficio de la comunidad. En esta categor\u00eda el primer lugar fue para Mar\u00eda de Lourdes Mac\u00edas Guti\u00e9rrez, seguida de Ren\u00e9 Caute Delgado en segundo lugar y Fernando Parada en tercer lugar; adem\u00e1s se otorg\u00f3 menci\u00f3n honor\u00edfica por su destacada labor.\n\n\u2022   Emprendimiento Juvenil, que premi\u00f3 la creatividad y el esfuerzo de quienes han consolidado proyectos exitosos, tuvo como ganadora a A\u00edda Aguilar, mientras que Ana Laura Flores recibi\u00f3 menci\u00f3n honor\u00edfica.\n\n\u2022   Cortometraje inspirado en Huamantla, que destac\u00f3 el talento audiovisual para proyectar la identidad y belleza del municipio, tuvo como ganadora a Michelle S\u00e1nchez Morales, mientras que se entregaron menciones honor\u00edficas a Yojana Manrique y Emmanuel Dur\u00e1n. \n\n\u2022   Logros Art\u00edsticos, que distingui\u00f3 a quienes han sobresalido en el \u00e1mbito cultural y art\u00edstico, reconoci\u00f3 en tercer lugar a Eduardo Vera, en segundo a H\u00e9ctor P\u00e9rez, y como primer lugar a Ximena Castillo.<\/code><\/pre>\n\n\n\n<p>Adem\u00e1s del reconocimiento, los ganadores recibieron un est\u00edmulo econ\u00f3mico de $5,000.00 por categor\u00eda, de esta manera, el Gobierno Municipal refrenda su labor de abrir oportunidades para que la juventud sea protagonista en la transformaci\u00f3n social, al tiempo que se convierte en ejemplo e inspiraci\u00f3n para las nuevas generaciones.<\/p>\n\n\n\n<p>El evento resalt\u00f3 el talento local y la importancia de seguir apoyando a quienes, con acciones concretas y proyectos de impacto, fortalecen la identidad cultural, el esp\u00edritu emprendedor y la unidad comunitaria en Huamantla.<\/p>\n","protected":false},"excerpt":{"rendered":"<p>Con el prop\u00f3sito de reconocer el talento, la creatividad y la vocaci\u00f3n de servicio a la comunidad, se llev\u00f3 a cabo la entrega del Premio de la Juventud Huamantla 2025 \u201cL\u00edderes Huamantlecos\u201d, donde se destac\u00f3 la trayectoria de j\u00f3venes que con su esfuerzo y dedicaci\u00f3n contribuyen al desarrollo del municipio. El Premio de la Juventud [&hellip;]<\/p>\n","protected":false},"author":9,"featured_media":98361,"comment_status":"open","ping_status":"open","sticky":false,"template":"","format":"standard","meta":{"om_disable_all_campaigns":false,"_monsterinsights_skip_tracking":false,"_monsterinsights_sitenote_active":false,"_monsterinsights_sitenote_note":"","_monsterinsights_sitenote_category":0,"jnews-multi-image_gallery":[],"jnews_single_post":{"format":"standard"},"jnews_primary_category":[],"footnotes":""},"categories":[1],"tags":[],"class_list":["post-98360","post","type-post","status-publish","format-standard","has-post-thumbnail","hentry","category-uncategorized"],"aioseo_notices":[],"_links":{"self":[{"href":"https:\/\/estado29.mx\/index.php?rest_route=\/wp\/v2\/posts\/98360","targetHints":{"allow":["GET"]}}],"collection":[{"href":"https:\/\/estado29.mx\/index.php?rest_route=\/wp\/v2\/posts"}],"about":[{"href":"https:\/\/estado29.mx\/index.php?rest_route=\/wp\/v2\/types\/post"}],"author":[{"embeddable":true,"href":"https:\/\/estado29.mx\/index.php?rest_route=\/wp\/v2\/users\/9"}],"replies":[{"embeddable":true,"href":"https:\/\/estado29.mx\/index.php?rest_route=%2Fwp%2Fv2%2Fcomments&post=98360"}],"version-history":[{"count":1,"href":"https:\/\/estado29.mx\/index.php?rest_route=\/wp\/v2\/posts\/98360\/revisions"}],"predecessor-version":[{"id":98362,"href":"https:\/\/estado29.mx\/index.php?rest_route=\/wp\/v2\/posts\/98360\/revisions\/98362"}],"wp:featuredmedia":[{"embeddable":true,"href":"https:\/\/estado29.mx\/index.php?rest_route=\/wp\/v2\/media\/98361"}],"wp:attachment":[{"href":"https:\/\/estado29.mx\/index.php?rest_route=%2Fwp%2Fv2%2Fmedia&parent=98360"}],"wp:term":[{"taxonomy":"category","embeddable":true,"href":"https:\/\/estado29.mx\/index.php?rest_route=%2Fwp%2Fv2%2Fcategories&post=98360"},{"taxonomy":"post_tag","embeddable":true,"href":"https:\/\/estado29.mx\/index.php?rest_route=%2Fwp%2Fv2%2Ftags&post=98360"}],"curies":[{"name":"wp","href":"https:\/\/api.w.org\/{rel}","templated":true}]}}