{"id":98363,"date":"2025-08-25T19:52:46","date_gmt":"2025-08-25T19:52:46","guid":{"rendered":"https:\/\/estado29.mx\/?p=98363"},"modified":"2025-08-25T19:52:46","modified_gmt":"2025-08-25T19:52:46","slug":"con-el-rugir-de-los-motores-se-celebrara-la-53a-carrera-de-carcachas-en-huamantla","status":"publish","type":"post","link":"https:\/\/estado29.mx\/?p=98363","title":{"rendered":"Con el rugir de los motores, se celebrar\u00e1 la 53\u00aa Carrera de Carcachas en Huamantla"},"content":{"rendered":"<figure class=\"wp-block-post-featured-image\"><img loading=\"lazy\" decoding=\"async\" width=\"1080\" height=\"1350\" src=\"https:\/\/estado29.mx\/wp-content\/uploads\/2025\/08\/WhatsApp-Image-2025-08-20-at-3.00.32-PM.jpeg\" class=\"attachment-post-thumbnail size-post-thumbnail wp-post-image\" alt=\"\" style=\"object-fit:cover;\" srcset=\"https:\/\/estado29.mx\/wp-content\/uploads\/2025\/08\/WhatsApp-Image-2025-08-20-at-3.00.32-PM.jpeg 1080w, https:\/\/estado29.mx\/wp-content\/uploads\/2025\/08\/WhatsApp-Image-2025-08-20-at-3.00.32-PM-240x300.jpeg 240w, https:\/\/estado29.mx\/wp-content\/uploads\/2025\/08\/WhatsApp-Image-2025-08-20-at-3.00.32-PM-819x1024.jpeg 819w, https:\/\/estado29.mx\/wp-content\/uploads\/2025\/08\/WhatsApp-Image-2025-08-20-at-3.00.32-PM-768x960.jpeg 768w, https:\/\/estado29.mx\/wp-content\/uploads\/2025\/08\/WhatsApp-Image-2025-08-20-at-3.00.32-PM-750x938.jpeg 750w\" sizes=\"auto, (max-width: 1080px) 100vw, 1080px\" \/><\/figure>\n\n\n<p>Despu\u00e9s de diversas reuniones de coordinaci\u00f3n con autoridades de los tres niveles de gobierno, y siempre con la voluntad de que este tradicional evento se realizara, se determin\u00f3 llevar a cabo la 53\u00aa edici\u00f3n de la Carrera de Carcachas, en el marco de la Feria Internacional del Arte Ef\u00edmero y la Dalia Huamantla 2025.<\/p>\n\n\n\n<p>La cita es este s\u00e1bado 30 de agosto a las 9:00 a.m. en la Colonia El Valle, frente a Zanagess, donde se escuchar\u00e1 el rugir de los motores que, desde hace m\u00e1s de cinco d\u00e9cadas, forman parte del patrimonio cultural y festivo de Huamantla.<\/p>\n\n\n\n<p>Gracias al trabajo conjunto con el Club Automovil\u00edstico Huamantla A.C., este evento se mantiene vivo como s\u00edmbolo de pasi\u00f3n, adrenalina y arraigo, ofreciendo a las familias y visitantes un espect\u00e1culo \u00fanico que a\u00f1o con a\u00f1o refuerza nuestra identidad como pueblo m\u00e1gico.<\/p>\n\n\n\n<p>La administraci\u00f3n municipal reafirma su compromiso de impulsar y preservar las tradiciones que dan vida a Huamantla, siempre privilegiando la seguridad, la organizaci\u00f3n y la participaci\u00f3n ciudadana.<\/p>\n\n\n\n<p>\u00a1La emoci\u00f3n sobre ruedas est\u00e1 de regreso en Huamantla! \ud83d\ude97\ud83d\udca8<\/p>\n\n\n\n<h1 class=\"wp-block-heading\">PorAmorAHuamantla \ud83d\udc9a<\/h1>\n","protected":false},"excerpt":{"rendered":"<p>Despu\u00e9s de diversas reuniones de coordinaci\u00f3n con autoridades de los tres niveles de gobierno, y siempre con la voluntad de que este tradicional evento se realizara, se determin\u00f3 llevar a cabo la 53\u00aa edici\u00f3n de la Carrera de Carcachas, en el marco de la Feria Internacional del Arte Ef\u00edmero y la Dalia Huamantla 2025. La [&hellip;]<\/p>\n","protected":false},"author":9,"featured_media":98364,"comment_status":"open","ping_status":"open","sticky":false,"template":"","format":"standard","meta":{"om_disable_all_campaigns":false,"_monsterinsights_skip_tracking":false,"_monsterinsights_sitenote_active":false,"_monsterinsights_sitenote_note":"","_monsterinsights_sitenote_category":0,"jnews-multi-image_gallery":[],"jnews_single_post":{"format":"standard"},"jnews_primary_category":[],"footnotes":""},"categories":[1],"tags":[],"class_list":["post-98363","post","type-post","status-publish","format-standard","has-post-thumbnail","hentry","category-uncategorized"],"aioseo_notices":[],"_links":{"self":[{"href":"https:\/\/estado29.mx\/index.php?rest_route=\/wp\/v2\/posts\/98363","targetHints":{"allow":["GET"]}}],"collection":[{"href":"https:\/\/estado29.mx\/index.php?rest_route=\/wp\/v2\/posts"}],"about":[{"href":"https:\/\/estado29.mx\/index.php?rest_route=\/wp\/v2\/types\/post"}],"author":[{"embeddable":true,"href":"https:\/\/estado29.mx\/index.php?rest_route=\/wp\/v2\/users\/9"}],"replies":[{"embeddable":true,"href":"https:\/\/estado29.mx\/index.php?rest_route=%2Fwp%2Fv2%2Fcomments&post=98363"}],"version-history":[{"count":1,"href":"https:\/\/estado29.mx\/index.php?rest_route=\/wp\/v2\/posts\/98363\/revisions"}],"predecessor-version":[{"id":98365,"href":"https:\/\/estado29.mx\/index.php?rest_route=\/wp\/v2\/posts\/98363\/revisions\/98365"}],"wp:featuredmedia":[{"embeddable":true,"href":"https:\/\/estado29.mx\/index.php?rest_route=\/wp\/v2\/media\/98364"}],"wp:attachment":[{"href":"https:\/\/estado29.mx\/index.php?rest_route=%2Fwp%2Fv2%2Fmedia&parent=98363"}],"wp:term":[{"taxonomy":"category","embeddable":true,"href":"https:\/\/estado29.mx\/index.php?rest_route=%2Fwp%2Fv2%2Fcategories&post=98363"},{"taxonomy":"post_tag","embeddable":true,"href":"https:\/\/estado29.mx\/index.php?rest_route=%2Fwp%2Fv2%2Ftags&post=98363"}],"curies":[{"name":"wp","href":"https:\/\/api.w.org\/{rel}","templated":true}]}}