{"id":98378,"date":"2025-08-25T19:59:24","date_gmt":"2025-08-25T19:59:24","guid":{"rendered":"https:\/\/estado29.mx\/?p=98378"},"modified":"2025-08-25T19:59:24","modified_gmt":"2025-08-25T19:59:24","slug":"miles-de-huamantlecos-y-visitantes-disfrutaron-del-desfile-de-huamantlada-pese-a-la-lluvia","status":"publish","type":"post","link":"https:\/\/estado29.mx\/?p=98378","title":{"rendered":"Miles de huamantlecos y visitantes disfrutaron del Desfile de Huamantlada pese a la lluvia"},"content":{"rendered":"<figure class=\"wp-block-post-featured-image\"><img loading=\"lazy\" decoding=\"async\" width=\"2560\" height=\"1707\" src=\"https:\/\/estado29.mx\/wp-content\/uploads\/2025\/08\/WhatsApp-Image-2025-08-23-at-9.14.11-AM-scaled.jpeg\" class=\"attachment-post-thumbnail size-post-thumbnail wp-post-image\" alt=\"\" style=\"object-fit:cover;\" srcset=\"https:\/\/estado29.mx\/wp-content\/uploads\/2025\/08\/WhatsApp-Image-2025-08-23-at-9.14.11-AM-scaled.jpeg 2560w, https:\/\/estado29.mx\/wp-content\/uploads\/2025\/08\/WhatsApp-Image-2025-08-23-at-9.14.11-AM-300x200.jpeg 300w, https:\/\/estado29.mx\/wp-content\/uploads\/2025\/08\/WhatsApp-Image-2025-08-23-at-9.14.11-AM-1024x683.jpeg 1024w, https:\/\/estado29.mx\/wp-content\/uploads\/2025\/08\/WhatsApp-Image-2025-08-23-at-9.14.11-AM-768x512.jpeg 768w, https:\/\/estado29.mx\/wp-content\/uploads\/2025\/08\/WhatsApp-Image-2025-08-23-at-9.14.11-AM-1536x1024.jpeg 1536w, https:\/\/estado29.mx\/wp-content\/uploads\/2025\/08\/WhatsApp-Image-2025-08-23-at-9.14.11-AM-2048x1366.jpeg 2048w, https:\/\/estado29.mx\/wp-content\/uploads\/2025\/08\/WhatsApp-Image-2025-08-23-at-9.14.11-AM-750x500.jpeg 750w, https:\/\/estado29.mx\/wp-content\/uploads\/2025\/08\/WhatsApp-Image-2025-08-23-at-9.14.11-AM-1140x760.jpeg 1140w\" sizes=\"auto, (max-width: 2560px) 100vw, 2560px\" \/><\/figure>\n\n\n<p>Huamantla, Tlaxcala.- Ni la lluvia logr\u00f3 opacar la alegr\u00eda y entusiasmo del tradicional Desfile de Huamantlada, que reuni\u00f3 a miles de huamantlecos y visitantes en las principales calles de la ciudad, convirti\u00e9ndose en una verdadera fiesta llena de m\u00fasica, color y tradici\u00f3n.<\/p>\n\n\n\n<p>Previo a la Huamantlada, las familias disfrutaron de un ambiente vibrante con la participaci\u00f3n de comparsas, bandas y agrupaciones que llenaron de ritmo cada rinc\u00f3n del recorrido, enmarcando as\u00ed el orgullo de ser parte de la Feria Internacional del Arte Ef\u00edmero y la Dalia 2025.<\/p>\n\n\n\n<p>El presidente municipal, Salvador Santos Cedillo, destac\u00f3 que este desfile es muestra de la identidad y uni\u00f3n de Huamantla, al tiempo que agradeci\u00f3 a los participantes y asistentes por mantener vivas las tradiciones que dan proyecci\u00f3n a nivel nacional e internacional a este Pueblo M\u00e1gico.<\/p>\n\n\n\n<p>Con eventos como este, el Gobierno Municipal reafirma su compromiso de ofrecer actividades culturales, art\u00edsticas y de sana convivencia para todas las familias, fortaleciendo el prestigio y el valor de una de las celebraciones m\u00e1s importantes del estado y del pa\u00eds.<\/p>\n","protected":false},"excerpt":{"rendered":"<p>Huamantla, Tlaxcala.- Ni la lluvia logr\u00f3 opacar la alegr\u00eda y entusiasmo del tradicional Desfile de Huamantlada, que reuni\u00f3 a miles de huamantlecos y visitantes en las principales calles de la ciudad, convirti\u00e9ndose en una verdadera fiesta llena de m\u00fasica, color y tradici\u00f3n. Previo a la Huamantlada, las familias disfrutaron de un ambiente vibrante con la [&hellip;]<\/p>\n","protected":false},"author":9,"featured_media":98379,"comment_status":"open","ping_status":"open","sticky":false,"template":"","format":"standard","meta":{"om_disable_all_campaigns":false,"_monsterinsights_skip_tracking":false,"_monsterinsights_sitenote_active":false,"_monsterinsights_sitenote_note":"","_monsterinsights_sitenote_category":0,"jnews-multi-image_gallery":[],"jnews_single_post":{"format":"standard"},"jnews_primary_category":[],"footnotes":""},"categories":[1],"tags":[],"class_list":["post-98378","post","type-post","status-publish","format-standard","has-post-thumbnail","hentry","category-uncategorized"],"aioseo_notices":[],"_links":{"self":[{"href":"https:\/\/estado29.mx\/index.php?rest_route=\/wp\/v2\/posts\/98378","targetHints":{"allow":["GET"]}}],"collection":[{"href":"https:\/\/estado29.mx\/index.php?rest_route=\/wp\/v2\/posts"}],"about":[{"href":"https:\/\/estado29.mx\/index.php?rest_route=\/wp\/v2\/types\/post"}],"author":[{"embeddable":true,"href":"https:\/\/estado29.mx\/index.php?rest_route=\/wp\/v2\/users\/9"}],"replies":[{"embeddable":true,"href":"https:\/\/estado29.mx\/index.php?rest_route=%2Fwp%2Fv2%2Fcomments&post=98378"}],"version-history":[{"count":1,"href":"https:\/\/estado29.mx\/index.php?rest_route=\/wp\/v2\/posts\/98378\/revisions"}],"predecessor-version":[{"id":98380,"href":"https:\/\/estado29.mx\/index.php?rest_route=\/wp\/v2\/posts\/98378\/revisions\/98380"}],"wp:featuredmedia":[{"embeddable":true,"href":"https:\/\/estado29.mx\/index.php?rest_route=\/wp\/v2\/media\/98379"}],"wp:attachment":[{"href":"https:\/\/estado29.mx\/index.php?rest_route=%2Fwp%2Fv2%2Fmedia&parent=98378"}],"wp:term":[{"taxonomy":"category","embeddable":true,"href":"https:\/\/estado29.mx\/index.php?rest_route=%2Fwp%2Fv2%2Fcategories&post=98378"},{"taxonomy":"post_tag","embeddable":true,"href":"https:\/\/estado29.mx\/index.php?rest_route=%2Fwp%2Fv2%2Ftags&post=98378"}],"curies":[{"name":"wp","href":"https:\/\/api.w.org\/{rel}","templated":true}]}}