{"id":98381,"date":"2025-08-25T20:00:41","date_gmt":"2025-08-25T20:00:41","guid":{"rendered":"https:\/\/estado29.mx\/?p=98381"},"modified":"2025-08-25T20:00:41","modified_gmt":"2025-08-25T20:00:41","slug":"risas-y-diversion-durante-la-presentacion-de-brincos-dieras-en-huamantla","status":"publish","type":"post","link":"https:\/\/estado29.mx\/?p=98381","title":{"rendered":"RISAS Y DIVERSI\u00d3N DURANTE LA PRESENTACI\u00d3N DE BRINCOS DIERAS EN HUAMANTLA"},"content":{"rendered":"<figure class=\"wp-block-post-featured-image\"><img loading=\"lazy\" decoding=\"async\" width=\"2560\" height=\"1707\" src=\"https:\/\/estado29.mx\/wp-content\/uploads\/2025\/08\/WhatsApp-Image-2025-08-23-at-9.19.02-AM-scaled.jpeg\" class=\"attachment-post-thumbnail size-post-thumbnail wp-post-image\" alt=\"\" style=\"object-fit:cover;\" srcset=\"https:\/\/estado29.mx\/wp-content\/uploads\/2025\/08\/WhatsApp-Image-2025-08-23-at-9.19.02-AM-scaled.jpeg 2560w, https:\/\/estado29.mx\/wp-content\/uploads\/2025\/08\/WhatsApp-Image-2025-08-23-at-9.19.02-AM-300x200.jpeg 300w, https:\/\/estado29.mx\/wp-content\/uploads\/2025\/08\/WhatsApp-Image-2025-08-23-at-9.19.02-AM-1024x683.jpeg 1024w, https:\/\/estado29.mx\/wp-content\/uploads\/2025\/08\/WhatsApp-Image-2025-08-23-at-9.19.02-AM-768x512.jpeg 768w, https:\/\/estado29.mx\/wp-content\/uploads\/2025\/08\/WhatsApp-Image-2025-08-23-at-9.19.02-AM-1536x1024.jpeg 1536w, https:\/\/estado29.mx\/wp-content\/uploads\/2025\/08\/WhatsApp-Image-2025-08-23-at-9.19.02-AM-2048x1366.jpeg 2048w, https:\/\/estado29.mx\/wp-content\/uploads\/2025\/08\/WhatsApp-Image-2025-08-23-at-9.19.02-AM-750x500.jpeg 750w, https:\/\/estado29.mx\/wp-content\/uploads\/2025\/08\/WhatsApp-Image-2025-08-23-at-9.19.02-AM-1140x760.jpeg 1140w\" sizes=\"auto, (max-width: 2560px) 100vw, 2560px\" \/><\/figure>\n\n\n<p>El Payaso m\u00e1s irreverente de la comedia en M\u00e9xico, \u201cBrincos Dieras\u201d conquist\u00f3 al p\u00fablico con su estilo \u00fanico y su humor caracter\u00edstico durante su presentaci\u00f3n en la Feria Internacional de Arte Ef\u00edmero y la Dalia en su edici\u00f3n 151.<\/p>\n\n\n\n<p>El espect\u00e1culo se realiz\u00f3 este viernes 22 de agosto en el Foro del Artista, donde miles de asistentes disfrutaron de un show lleno de ocurrencias, improvisaci\u00f3n y una interacci\u00f3n directa con la gente, que no par\u00f3 de re\u00edr durante toda la presentaci\u00f3n.<\/p>\n\n\n\n<p>Con su carisma y creatividad, Brincos Dieras conquist\u00f3 a Huamantla, consolidando la feria como un espacio de espect\u00e1culos de calidad que re\u00fanen a familias y visitantes de todas partes.<\/p>\n\n\n\n<p>Durante su show, invit\u00f3 a personas del p\u00fablico al escenario, lo que a\u00f1adi\u00f3 un elemento de diversi\u00f3n y se convirti\u00f3 en un momento clave de la noche.<\/p>\n\n\n\n<p>\u201cBrincos Dieras\u201d se ha convertido en una figura popular en redes sociales, con sus videos virales de presentaciones.<\/p>\n\n\n\n<p>De este manera, el Gobierno Municipal de Huamantla que preside Salvador Santos Cedillo invita a seguir disfrutando de la cartelera de artistas que hacen de esta feria una de las m\u00e1s importantes del pa\u00eds.<\/p>\n","protected":false},"excerpt":{"rendered":"<p>El Payaso m\u00e1s irreverente de la comedia en M\u00e9xico, \u201cBrincos Dieras\u201d conquist\u00f3 al p\u00fablico con su estilo \u00fanico y su humor caracter\u00edstico durante su presentaci\u00f3n en la Feria Internacional de Arte Ef\u00edmero y la Dalia en su edici\u00f3n 151. El espect\u00e1culo se realiz\u00f3 este viernes 22 de agosto en el Foro del Artista, donde miles [&hellip;]<\/p>\n","protected":false},"author":9,"featured_media":98382,"comment_status":"open","ping_status":"open","sticky":false,"template":"","format":"standard","meta":{"om_disable_all_campaigns":false,"_monsterinsights_skip_tracking":false,"_monsterinsights_sitenote_active":false,"_monsterinsights_sitenote_note":"","_monsterinsights_sitenote_category":0,"jnews-multi-image_gallery":[],"jnews_single_post":{"format":"standard"},"jnews_primary_category":[],"footnotes":""},"categories":[1],"tags":[],"class_list":["post-98381","post","type-post","status-publish","format-standard","has-post-thumbnail","hentry","category-uncategorized"],"aioseo_notices":[],"_links":{"self":[{"href":"https:\/\/estado29.mx\/index.php?rest_route=\/wp\/v2\/posts\/98381","targetHints":{"allow":["GET"]}}],"collection":[{"href":"https:\/\/estado29.mx\/index.php?rest_route=\/wp\/v2\/posts"}],"about":[{"href":"https:\/\/estado29.mx\/index.php?rest_route=\/wp\/v2\/types\/post"}],"author":[{"embeddable":true,"href":"https:\/\/estado29.mx\/index.php?rest_route=\/wp\/v2\/users\/9"}],"replies":[{"embeddable":true,"href":"https:\/\/estado29.mx\/index.php?rest_route=%2Fwp%2Fv2%2Fcomments&post=98381"}],"version-history":[{"count":1,"href":"https:\/\/estado29.mx\/index.php?rest_route=\/wp\/v2\/posts\/98381\/revisions"}],"predecessor-version":[{"id":98383,"href":"https:\/\/estado29.mx\/index.php?rest_route=\/wp\/v2\/posts\/98381\/revisions\/98383"}],"wp:featuredmedia":[{"embeddable":true,"href":"https:\/\/estado29.mx\/index.php?rest_route=\/wp\/v2\/media\/98382"}],"wp:attachment":[{"href":"https:\/\/estado29.mx\/index.php?rest_route=%2Fwp%2Fv2%2Fmedia&parent=98381"}],"wp:term":[{"taxonomy":"category","embeddable":true,"href":"https:\/\/estado29.mx\/index.php?rest_route=%2Fwp%2Fv2%2Fcategories&post=98381"},{"taxonomy":"post_tag","embeddable":true,"href":"https:\/\/estado29.mx\/index.php?rest_route=%2Fwp%2Fv2%2Ftags&post=98381"}],"curies":[{"name":"wp","href":"https:\/\/api.w.org\/{rel}","templated":true}]}}