{"id":98397,"date":"2025-08-25T22:02:35","date_gmt":"2025-08-25T22:02:35","guid":{"rendered":"https:\/\/estado29.mx\/?p=98397"},"modified":"2025-08-25T22:02:36","modified_gmt":"2025-08-25T22:02:36","slug":"por-cuestiones-climatologicas-se-retrasa-el-acceso-al-foro-del-artista-la-fiesta-continua-conforme-al-programa","status":"publish","type":"post","link":"https:\/\/estado29.mx\/?p=98397","title":{"rendered":"Por cuestiones climatol\u00f3gicas se retrasa el acceso al Foro del Artista; la fiesta contin\u00faa conforme al programa"},"content":{"rendered":"<figure class=\"wp-block-post-featured-image\"><img loading=\"lazy\" decoding=\"async\" width=\"1200\" height=\"1600\" src=\"https:\/\/estado29.mx\/wp-content\/uploads\/2025\/08\/WhatsApp-Image-2025-08-23-at-9.46.11-PM.jpeg\" class=\"attachment-post-thumbnail size-post-thumbnail wp-post-image\" alt=\"\" style=\"object-fit:cover;\" srcset=\"https:\/\/estado29.mx\/wp-content\/uploads\/2025\/08\/WhatsApp-Image-2025-08-23-at-9.46.11-PM.jpeg 1200w, https:\/\/estado29.mx\/wp-content\/uploads\/2025\/08\/WhatsApp-Image-2025-08-23-at-9.46.11-PM-225x300.jpeg 225w, https:\/\/estado29.mx\/wp-content\/uploads\/2025\/08\/WhatsApp-Image-2025-08-23-at-9.46.11-PM-768x1024.jpeg 768w, https:\/\/estado29.mx\/wp-content\/uploads\/2025\/08\/WhatsApp-Image-2025-08-23-at-9.46.11-PM-1152x1536.jpeg 1152w, https:\/\/estado29.mx\/wp-content\/uploads\/2025\/08\/WhatsApp-Image-2025-08-23-at-9.46.11-PM-750x1000.jpeg 750w, https:\/\/estado29.mx\/wp-content\/uploads\/2025\/08\/WhatsApp-Image-2025-08-23-at-9.46.11-PM-1140x1520.jpeg 1140w\" sizes=\"auto, (max-width: 1200px) 100vw, 1200px\" \/><\/figure>\n\n\n<p>El Gobierno Municipal de Huamantla informa a la ciudadan\u00eda y a los medios de comunicaci\u00f3n que, derivado de las condiciones climatol\u00f3gicas presentadas esta tarde, el acceso al Foro del Artista se ha visto retrasado con la finalidad de garantizar la seguridad y el bienestar de todas y todos los asistentes.<\/p>\n\n\n\n<p>No obstante, se confirma que la programaci\u00f3n art\u00edstica continuar\u00e1 conforme a lo anunciado, con la participaci\u00f3n de grandes int\u00e9rpretes de la m\u00fasica regional mexicana como Claudio Alcaraz, To\u00f1o Liz\u00e1rraga, Lupillo Rivera y Edwin Luna y la Trakalosa de Monterrey, quienes garantizan una velada inolvidable para el p\u00fablico.<\/p>\n\n\n\n<p>Se exhorta a la ciudadan\u00eda a ingresar de manera ordenada, tanto en la zona VIP como en el acceso general. Asimismo, se recuerda que junto al acceso general se encuentra habilitada una taquilla con acceso inmediato, para comodidad de quienes a\u00fan deseen adquirir sus entradas.<\/p>\n\n\n\n<p>El Gobierno Municipal agradece la comprensi\u00f3n y colaboraci\u00f3n de las y los asistentes, quienes con su participaci\u00f3n fortalecen esta gran fiesta que enaltece las tradiciones y la cultura de Huamantla en el marco de la Feria Internacional del Arte Ef\u00edmero y la Dalia 2025.<\/p>\n","protected":false},"excerpt":{"rendered":"<p>El Gobierno Municipal de Huamantla informa a la ciudadan\u00eda y a los medios de comunicaci\u00f3n que, derivado de las condiciones climatol\u00f3gicas presentadas esta tarde, el acceso al Foro del Artista se ha visto retrasado con la finalidad de garantizar la seguridad y el bienestar de todas y todos los asistentes. No obstante, se confirma que [&hellip;]<\/p>\n","protected":false},"author":9,"featured_media":98398,"comment_status":"open","ping_status":"open","sticky":false,"template":"","format":"standard","meta":{"om_disable_all_campaigns":false,"_monsterinsights_skip_tracking":false,"_monsterinsights_sitenote_active":false,"_monsterinsights_sitenote_note":"","_monsterinsights_sitenote_category":0,"jnews-multi-image_gallery":[],"jnews_single_post":{"format":"standard"},"jnews_primary_category":[],"footnotes":""},"categories":[1],"tags":[],"class_list":["post-98397","post","type-post","status-publish","format-standard","has-post-thumbnail","hentry","category-uncategorized"],"aioseo_notices":[],"_links":{"self":[{"href":"https:\/\/estado29.mx\/index.php?rest_route=\/wp\/v2\/posts\/98397","targetHints":{"allow":["GET"]}}],"collection":[{"href":"https:\/\/estado29.mx\/index.php?rest_route=\/wp\/v2\/posts"}],"about":[{"href":"https:\/\/estado29.mx\/index.php?rest_route=\/wp\/v2\/types\/post"}],"author":[{"embeddable":true,"href":"https:\/\/estado29.mx\/index.php?rest_route=\/wp\/v2\/users\/9"}],"replies":[{"embeddable":true,"href":"https:\/\/estado29.mx\/index.php?rest_route=%2Fwp%2Fv2%2Fcomments&post=98397"}],"version-history":[{"count":1,"href":"https:\/\/estado29.mx\/index.php?rest_route=\/wp\/v2\/posts\/98397\/revisions"}],"predecessor-version":[{"id":98399,"href":"https:\/\/estado29.mx\/index.php?rest_route=\/wp\/v2\/posts\/98397\/revisions\/98399"}],"wp:featuredmedia":[{"embeddable":true,"href":"https:\/\/estado29.mx\/index.php?rest_route=\/wp\/v2\/media\/98398"}],"wp:attachment":[{"href":"https:\/\/estado29.mx\/index.php?rest_route=%2Fwp%2Fv2%2Fmedia&parent=98397"}],"wp:term":[{"taxonomy":"category","embeddable":true,"href":"https:\/\/estado29.mx\/index.php?rest_route=%2Fwp%2Fv2%2Fcategories&post=98397"},{"taxonomy":"post_tag","embeddable":true,"href":"https:\/\/estado29.mx\/index.php?rest_route=%2Fwp%2Fv2%2Ftags&post=98397"}],"curies":[{"name":"wp","href":"https:\/\/api.w.org\/{rel}","templated":true}]}}