{"id":98403,"date":"2025-08-25T22:06:49","date_gmt":"2025-08-25T22:06:49","guid":{"rendered":"https:\/\/estado29.mx\/?p=98403"},"modified":"2025-08-25T22:06:49","modified_gmt":"2025-08-25T22:06:49","slug":"maestria-en-estudios-de-genero-uatx-promueve-el-dialogo-con-otras-formas-de-estudiar-el-feminismo","status":"publish","type":"post","link":"https:\/\/estado29.mx\/?p=98403","title":{"rendered":"Maestr\u00eda en Estudios de G\u00e9nero UATx promueve el di\u00e1logo con otras formas de estudiar el feminismo"},"content":{"rendered":"<figure class=\"wp-block-post-featured-image\"><img loading=\"lazy\" decoding=\"async\" width=\"1280\" height=\"853\" src=\"https:\/\/estado29.mx\/wp-content\/uploads\/2025\/08\/19-Maestria-en-Estudios-de-Genero-UATx-promueve-dialogo-con-otras-formas-de-estudiar-el-feminismo-3.jpeg\" class=\"attachment-post-thumbnail size-post-thumbnail wp-post-image\" alt=\"\" style=\"object-fit:cover;\" srcset=\"https:\/\/estado29.mx\/wp-content\/uploads\/2025\/08\/19-Maestria-en-Estudios-de-Genero-UATx-promueve-dialogo-con-otras-formas-de-estudiar-el-feminismo-3.jpeg 1280w, https:\/\/estado29.mx\/wp-content\/uploads\/2025\/08\/19-Maestria-en-Estudios-de-Genero-UATx-promueve-dialogo-con-otras-formas-de-estudiar-el-feminismo-3-300x200.jpeg 300w, https:\/\/estado29.mx\/wp-content\/uploads\/2025\/08\/19-Maestria-en-Estudios-de-Genero-UATx-promueve-dialogo-con-otras-formas-de-estudiar-el-feminismo-3-1024x682.jpeg 1024w, https:\/\/estado29.mx\/wp-content\/uploads\/2025\/08\/19-Maestria-en-Estudios-de-Genero-UATx-promueve-dialogo-con-otras-formas-de-estudiar-el-feminismo-3-768x512.jpeg 768w, https:\/\/estado29.mx\/wp-content\/uploads\/2025\/08\/19-Maestria-en-Estudios-de-Genero-UATx-promueve-dialogo-con-otras-formas-de-estudiar-el-feminismo-3-750x500.jpeg 750w, https:\/\/estado29.mx\/wp-content\/uploads\/2025\/08\/19-Maestria-en-Estudios-de-Genero-UATx-promueve-dialogo-con-otras-formas-de-estudiar-el-feminismo-3-1140x760.jpeg 1140w\" sizes=\"auto, (max-width: 1280px) 100vw, 1280px\" \/><\/figure>\n\n\n<p><\/p>\n\n\n\n<p>\u00fc Con la ponencia \ud835\udc0f\ud835\udc1e\ud835\udc27\ud835\udc2c\ud835\udc1a\ud835\udc2b \ud835\udc25\ud835\udc1a\ud835\udc2c \ud835\udc1e\ud835\udc29\ud835\udc22\ud835\udc2c\ud835\udc2d\ud835\udc1e\ud835\udc26\ud835\udc28\ud835\udc25\ud835\udc28\ud835\udc20\ud835\udc22\u0301\ud835\udc1a\ud835\udc2c \ud835\udc1f\ud835\udc1e\ud835\udc26\ud835\udc22\ud835\udc27\ud835\udc22\ud835\udc2c\ud835\udc2d\ud835\udc1a\ud835\udc2c \ud835\udc1e\ud835\udc27 \ud835\udc1c\ud835\udc25\ud835\udc1a\ud835\udc2f\ud835\udc1e \ud835\udc1d\ud835\udc1e\ud835\udc2c\ud835\udc1c\ud835\udc28\ud835\udc25\ud835\udc28\ud835\udc27\ud835\udc22\ud835\udc1a\ud835\udc25<\/p>\n\n\n\n<p>La Maestr\u00eda de Estudios de G\u00e9nero de la Universidad Aut\u00f3noma de Tlaxcala (UATx) abri\u00f3 un espacio de reflexi\u00f3n con la conferencia \ud835\udc0f\ud835\udc1e\ud835\udc27\ud835\udc2c\ud835\udc1a\ud835\udc2b \ud835\udc25\ud835\udc1a\ud835\udc2c \ud835\udc1e\ud835\udc29\ud835\udc22\ud835\udc2c\ud835\udc2d\ud835\udc1e\ud835\udc26\ud835\udc28\ud835\udc25\ud835\udc28\ud835\udc20\ud835\udc22\u0301\ud835\udc1a\ud835\udc2c \ud835\udc1f\ud835\udc1e\ud835\udc26\ud835\udc22\ud835\udc27\ud835\udc22\ud835\udc2c\ud835\udc2d\ud835\udc1a\ud835\udc2c \ud835\udc1e\ud835\udc27 \ud835\udc1c\ud835\udc25\ud835\udc1a\ud835\udc2f\ud835\udc1e \ud835\udc1d\ud835\udc1e\ud835\udc2c\ud835\udc1c\ud835\udc28\ud835\udc25\ud835\udc28\ud835\udc27\ud835\udc22\ud835\udc1a\ud835\udc25 que imparti\u00f3 la Doctora Karina Ochoa Mu\u00f1oz, Profesora-investigadora de la Universidad Aut\u00f3noma Metropolitana Azcapotzalco.<\/p>\n\n\n\n<p>En el Auditorio de la Facultad de Trabajo Social, Sociolog\u00eda y Psicolog\u00eda, la ponente comparti\u00f3 un recorrido por los feminismos del sur y su mirada cr\u00edtica a las l\u00f3gicas coloniales en la producci\u00f3n de los feminismos hegem\u00f3nicos, invitando a los asistentes a asumir la cr\u00edtica como una oportunidad de crecimiento personal.<\/p>\n\n\n\n<p>En otro momento de su intervenci\u00f3n, con la participaci\u00f3n de la Licenciada Marbella L\u00f3pez Gallardo, como moderadora, la especialista expuso que el debate descolonial se refiere a orientaciones para las cartograf\u00edas del poder, ya que explica c\u00f3mo leer la realidad de las mujeres y entender que hay una propuesta de comprensi\u00f3n del mundo.<\/p>\n\n\n\n<p>Asimismo, la Doctora Ochoa exhort\u00f3 a los asistentes a tomar la cr\u00edtica como una opini\u00f3n de que otra persona piensa diferente y no se trata de una postura personal toda vez que al estar en un mundo de una alta vulnerabilidad, cualquier cosa impacta; sin embargo, estas situaciones se pueden tomar como una aprendizaje y una posibilidad de crecimiento personal.<\/p>\n","protected":false},"excerpt":{"rendered":"<p>\u00fc Con la ponencia \ud835\udc0f\ud835\udc1e\ud835\udc27\ud835\udc2c\ud835\udc1a\ud835\udc2b \ud835\udc25\ud835\udc1a\ud835\udc2c \ud835\udc1e\ud835\udc29\ud835\udc22\ud835\udc2c\ud835\udc2d\ud835\udc1e\ud835\udc26\ud835\udc28\ud835\udc25\ud835\udc28\ud835\udc20\ud835\udc22\u0301\ud835\udc1a\ud835\udc2c \ud835\udc1f\ud835\udc1e\ud835\udc26\ud835\udc22\ud835\udc27\ud835\udc22\ud835\udc2c\ud835\udc2d\ud835\udc1a\ud835\udc2c \ud835\udc1e\ud835\udc27 \ud835\udc1c\ud835\udc25\ud835\udc1a\ud835\udc2f\ud835\udc1e \ud835\udc1d\ud835\udc1e\ud835\udc2c\ud835\udc1c\ud835\udc28\ud835\udc25\ud835\udc28\ud835\udc27\ud835\udc22\ud835\udc1a\ud835\udc25 La Maestr\u00eda de Estudios de G\u00e9nero de la Universidad Aut\u00f3noma de Tlaxcala (UATx) abri\u00f3 un espacio de reflexi\u00f3n con la conferencia \ud835\udc0f\ud835\udc1e\ud835\udc27\ud835\udc2c\ud835\udc1a\ud835\udc2b \ud835\udc25\ud835\udc1a\ud835\udc2c \ud835\udc1e\ud835\udc29\ud835\udc22\ud835\udc2c\ud835\udc2d\ud835\udc1e\ud835\udc26\ud835\udc28\ud835\udc25\ud835\udc28\ud835\udc20\ud835\udc22\u0301\ud835\udc1a\ud835\udc2c \ud835\udc1f\ud835\udc1e\ud835\udc26\ud835\udc22\ud835\udc27\ud835\udc22\ud835\udc2c\ud835\udc2d\ud835\udc1a\ud835\udc2c \ud835\udc1e\ud835\udc27 \ud835\udc1c\ud835\udc25\ud835\udc1a\ud835\udc2f\ud835\udc1e \ud835\udc1d\ud835\udc1e\ud835\udc2c\ud835\udc1c\ud835\udc28\ud835\udc25\ud835\udc28\ud835\udc27\ud835\udc22\ud835\udc1a\ud835\udc25 que imparti\u00f3 la Doctora Karina Ochoa Mu\u00f1oz, Profesora-investigadora de la Universidad Aut\u00f3noma Metropolitana Azcapotzalco. En el [&hellip;]<\/p>\n","protected":false},"author":9,"featured_media":98404,"comment_status":"open","ping_status":"open","sticky":false,"template":"","format":"standard","meta":{"om_disable_all_campaigns":false,"_monsterinsights_skip_tracking":false,"_monsterinsights_sitenote_active":false,"_monsterinsights_sitenote_note":"","_monsterinsights_sitenote_category":0,"jnews-multi-image_gallery":[],"jnews_single_post":{"format":"standard"},"jnews_primary_category":[],"footnotes":""},"categories":[1],"tags":[],"class_list":["post-98403","post","type-post","status-publish","format-standard","has-post-thumbnail","hentry","category-uncategorized"],"aioseo_notices":[],"_links":{"self":[{"href":"https:\/\/estado29.mx\/index.php?rest_route=\/wp\/v2\/posts\/98403","targetHints":{"allow":["GET"]}}],"collection":[{"href":"https:\/\/estado29.mx\/index.php?rest_route=\/wp\/v2\/posts"}],"about":[{"href":"https:\/\/estado29.mx\/index.php?rest_route=\/wp\/v2\/types\/post"}],"author":[{"embeddable":true,"href":"https:\/\/estado29.mx\/index.php?rest_route=\/wp\/v2\/users\/9"}],"replies":[{"embeddable":true,"href":"https:\/\/estado29.mx\/index.php?rest_route=%2Fwp%2Fv2%2Fcomments&post=98403"}],"version-history":[{"count":1,"href":"https:\/\/estado29.mx\/index.php?rest_route=\/wp\/v2\/posts\/98403\/revisions"}],"predecessor-version":[{"id":98405,"href":"https:\/\/estado29.mx\/index.php?rest_route=\/wp\/v2\/posts\/98403\/revisions\/98405"}],"wp:featuredmedia":[{"embeddable":true,"href":"https:\/\/estado29.mx\/index.php?rest_route=\/wp\/v2\/media\/98404"}],"wp:attachment":[{"href":"https:\/\/estado29.mx\/index.php?rest_route=%2Fwp%2Fv2%2Fmedia&parent=98403"}],"wp:term":[{"taxonomy":"category","embeddable":true,"href":"https:\/\/estado29.mx\/index.php?rest_route=%2Fwp%2Fv2%2Fcategories&post=98403"},{"taxonomy":"post_tag","embeddable":true,"href":"https:\/\/estado29.mx\/index.php?rest_route=%2Fwp%2Fv2%2Ftags&post=98403"}],"curies":[{"name":"wp","href":"https:\/\/api.w.org\/{rel}","templated":true}]}}