{"id":98422,"date":"2025-08-26T04:19:22","date_gmt":"2025-08-26T04:19:22","guid":{"rendered":"https:\/\/estado29.mx\/?p=98422"},"modified":"2025-08-26T04:19:23","modified_gmt":"2025-08-26T04:19:23","slug":"busca-la-uatx-consolidar-una-cultura-de-paz-entre-su-comunidad","status":"publish","type":"post","link":"https:\/\/estado29.mx\/?p=98422","title":{"rendered":"Busca la UATx consolidar una cultura de paz entre su comunidad"},"content":{"rendered":"<figure class=\"wp-block-post-featured-image\"><img loading=\"lazy\" decoding=\"async\" width=\"1197\" height=\"789\" src=\"https:\/\/estado29.mx\/wp-content\/uploads\/2025\/08\/WhatsApp-Image-2025-08-25-at-10.18.42-PM.jpeg\" class=\"attachment-post-thumbnail size-post-thumbnail wp-post-image\" alt=\"\" style=\"object-fit:cover;\" srcset=\"https:\/\/estado29.mx\/wp-content\/uploads\/2025\/08\/WhatsApp-Image-2025-08-25-at-10.18.42-PM.jpeg 1197w, https:\/\/estado29.mx\/wp-content\/uploads\/2025\/08\/WhatsApp-Image-2025-08-25-at-10.18.42-PM-300x198.jpeg 300w, https:\/\/estado29.mx\/wp-content\/uploads\/2025\/08\/WhatsApp-Image-2025-08-25-at-10.18.42-PM-1024x675.jpeg 1024w, https:\/\/estado29.mx\/wp-content\/uploads\/2025\/08\/WhatsApp-Image-2025-08-25-at-10.18.42-PM-768x506.jpeg 768w, https:\/\/estado29.mx\/wp-content\/uploads\/2025\/08\/WhatsApp-Image-2025-08-25-at-10.18.42-PM-750x494.jpeg 750w, https:\/\/estado29.mx\/wp-content\/uploads\/2025\/08\/WhatsApp-Image-2025-08-25-at-10.18.42-PM-1140x751.jpeg 1140w\" sizes=\"auto, (max-width: 1197px) 100vw, 1197px\" \/><\/figure>\n\n\n<p>\u00fc Comienzan las \ud835\udc09\ud835\udc28\ud835\udc2b\ud835\udc27\ud835\udc1a\ud835\udc1d\ud835\udc1a\ud835\udc2c \ud835\udc1d\ud835\udc1e \ud835\udc02\ud835\udc22\ud835\udc1e\ud835\udc27\ud835\udc1c\ud835\udc22\ud835\udc1a \ud835\udc32 \ud835\udc02\ud835\udc2e\ud835\udc25\ud835\udc2d\ud835\udc2e\ud835\udc2b\ud835\udc1a \ud835\udc1d\ud835\udc1e \ud835\udc0f\ud835\udc1a\ud835\udc33<\/p>\n\n\n\n<p>En M\u00e9xico la mediaci\u00f3n y la justicia restaurativa deben hacerse realidad a trav\u00e9s de programas acad\u00e9micos en las Instituciones de Educaci\u00f3n Superior, afirm\u00f3 la Doctora Patricia Lucila Gonz\u00e1lez Rodr\u00edguez durante la conferencia \ud835\udc0c\ud835\udc1e\ud835\udc1d\ud835\udc22\ud835\udc1a\ud835\udc1c\ud835\udc22\ud835\udc28\u0301\ud835\udc27 \ud835\udc32 \ud835\udc09\ud835\udc2e\ud835\udc2c\ud835\udc2d\ud835\udc22\ud835\udc1c\ud835\udc22\ud835\udc1a \ud835\udc11\ud835\udc1e\ud835\udc2c\ud835\udc2d\ud835\udc1a\ud835\udc2e\ud835\udc2b\ud835\udc1a\ud835\udc2d\ud835\udc22\ud835\udc2f\ud835\udc1a \ud835\udc1d\ud835\udc1e\ud835\udc2c\ud835\udc1d\ud835\udc1e \ud835\udc25\ud835\udc1a \ud835\udc0f\ud835\udc1e\ud835\udc2b\ud835\udc2c\ud835\udc29\ud835\udc1e\ud835\udc1c\ud835\udc2d\ud835\udc22\ud835\udc2f\ud835\udc1a \ud835\udc1d\ud835\udc1e \ud835\udc06\ud835\udc1e\u0301\ud835\udc27\ud835\udc1e\ud835\udc2b\ud835\udc28, con la cual iniciaron las \ud835\udc09\ud835\udc28\ud835\udc2b\ud835\udc27\ud835\udc1a\ud835\udc1d\ud835\udc1a\ud835\udc2c \ud835\udc1d\ud835\udc1e \ud835\udc02\ud835\udc22\ud835\udc1e\ud835\udc27\ud835\udc1c\ud835\udc22\ud835\udc1a \ud835\udc32 \ud835\udc02\ud835\udc2e\ud835\udc25\ud835\udc2d\ud835\udc2e\ud835\udc2b\ud835\udc1a \ud835\udc1d\ud835\udc1e \ud835\udc0f\ud835\udc1a\ud835\udc33 de la Universidad Aut\u00f3noma de Tlaxcala (UATx) por iniciativa de la Secretar\u00eda de Investigaci\u00f3n Cient\u00edfica y Posgrado y los centros de investigaci\u00f3n de esta Casa de Estudios.<\/p>\n\n\n\n<p>Con las Jornadas se busca impulsar, desde la UATx, acciones de reflexi\u00f3n, formaci\u00f3n e investigaci\u00f3n que contribuyan a disminuir la violencia estructural y a consolidar una aut\u00e9ntica cultura de paz, en beneficio de la sociedad.<\/p>\n\n\n\n<p>En su intervenci\u00f3n la especialista explic\u00f3 que el cambio cultural implica la construcci\u00f3n gradual de nuevos m\u00e9todos de trabajo orientados a insertar la \ud835\udc02\ud835\udc2e\ud835\udc25\ud835\udc2d\ud835\udc2e\ud835\udc2b\ud835\udc1a \ud835\udc1d\ud835\udc1e \ud835\udc0f\ud835\udc1a\ud835\udc33, adem\u00e1s de la necesidad de implementar de manera oportuna los mecanismos alternos de soluci\u00f3n de controversias.<\/p>\n\n\n\n<p>Al dar la bienvenida a la ponente y al p\u00fablico reunido en el \u201cAuditorio de Intercambio y Movilidad\u201d, la Doctora Margarita Mart\u00ednez G\u00f3mez, Secretaria de Investigaci\u00f3n Cient\u00edfica y Posgrado, asent\u00f3 que las universidades son espacios de referencia que contribuyen en los procesos de transformaci\u00f3n social al concientizar y sensibilizar sobre la importancia que tiene la cultura de paz.<\/p>\n\n\n\n<p>En este sentido, remarc\u00f3 que la Aut\u00f3noma de Tlaxcala involucra a todos los actores para construir una sociedad libre de violencia, en donde todos los integrantes de esta comunidad desarrollen habilidades y herramientas que permitan generar ambientes democr\u00e1ticos, solidarios y emp\u00e1ticos.<\/p>\n\n\n\n<p>La conferencia fue moderada por el Doctor Omar V\u00e1zquez S\u00e1nchez, Coordinador del Centro de Investigaciones Jur\u00eddico-Pol\u00edticas (CIJUREP). La Doctora Gonz\u00e1lez Rodr\u00edguez es Investigadora del Instituto de Investigaciones Jur\u00eddicas de la Universidad Nacional Aut\u00f3noma de M\u00e9xico, coordinadora de la l\u00ednea de investigaci\u00f3n Sistema Penal Acusatorio en M\u00e9xico, es experta en temas de delito, violencia, derechos humanos, g\u00e9nero y proceso penal acusatorio.<\/p>\n","protected":false},"excerpt":{"rendered":"<p>\u00fc Comienzan las \ud835\udc09\ud835\udc28\ud835\udc2b\ud835\udc27\ud835\udc1a\ud835\udc1d\ud835\udc1a\ud835\udc2c \ud835\udc1d\ud835\udc1e \ud835\udc02\ud835\udc22\ud835\udc1e\ud835\udc27\ud835\udc1c\ud835\udc22\ud835\udc1a \ud835\udc32 \ud835\udc02\ud835\udc2e\ud835\udc25\ud835\udc2d\ud835\udc2e\ud835\udc2b\ud835\udc1a \ud835\udc1d\ud835\udc1e \ud835\udc0f\ud835\udc1a\ud835\udc33 En M\u00e9xico la mediaci\u00f3n y la justicia restaurativa deben hacerse realidad a trav\u00e9s de programas acad\u00e9micos en las Instituciones de Educaci\u00f3n Superior, afirm\u00f3 la Doctora Patricia Lucila Gonz\u00e1lez Rodr\u00edguez durante la conferencia \ud835\udc0c\ud835\udc1e\ud835\udc1d\ud835\udc22\ud835\udc1a\ud835\udc1c\ud835\udc22\ud835\udc28\u0301\ud835\udc27 \ud835\udc32 \ud835\udc09\ud835\udc2e\ud835\udc2c\ud835\udc2d\ud835\udc22\ud835\udc1c\ud835\udc22\ud835\udc1a \ud835\udc11\ud835\udc1e\ud835\udc2c\ud835\udc2d\ud835\udc1a\ud835\udc2e\ud835\udc2b\ud835\udc1a\ud835\udc2d\ud835\udc22\ud835\udc2f\ud835\udc1a \ud835\udc1d\ud835\udc1e\ud835\udc2c\ud835\udc1d\ud835\udc1e \ud835\udc25\ud835\udc1a \ud835\udc0f\ud835\udc1e\ud835\udc2b\ud835\udc2c\ud835\udc29\ud835\udc1e\ud835\udc1c\ud835\udc2d\ud835\udc22\ud835\udc2f\ud835\udc1a \ud835\udc1d\ud835\udc1e \ud835\udc06\ud835\udc1e\u0301\ud835\udc27\ud835\udc1e\ud835\udc2b\ud835\udc28, con la cual iniciaron [&hellip;]<\/p>\n","protected":false},"author":9,"featured_media":98423,"comment_status":"open","ping_status":"open","sticky":false,"template":"","format":"standard","meta":{"om_disable_all_campaigns":false,"_monsterinsights_skip_tracking":false,"_monsterinsights_sitenote_active":false,"_monsterinsights_sitenote_note":"","_monsterinsights_sitenote_category":0,"jnews-multi-image_gallery":[],"jnews_single_post":{"format":"standard"},"jnews_primary_category":[],"footnotes":""},"categories":[1],"tags":[],"class_list":["post-98422","post","type-post","status-publish","format-standard","has-post-thumbnail","hentry","category-uncategorized"],"aioseo_notices":[],"_links":{"self":[{"href":"https:\/\/estado29.mx\/index.php?rest_route=\/wp\/v2\/posts\/98422","targetHints":{"allow":["GET"]}}],"collection":[{"href":"https:\/\/estado29.mx\/index.php?rest_route=\/wp\/v2\/posts"}],"about":[{"href":"https:\/\/estado29.mx\/index.php?rest_route=\/wp\/v2\/types\/post"}],"author":[{"embeddable":true,"href":"https:\/\/estado29.mx\/index.php?rest_route=\/wp\/v2\/users\/9"}],"replies":[{"embeddable":true,"href":"https:\/\/estado29.mx\/index.php?rest_route=%2Fwp%2Fv2%2Fcomments&post=98422"}],"version-history":[{"count":1,"href":"https:\/\/estado29.mx\/index.php?rest_route=\/wp\/v2\/posts\/98422\/revisions"}],"predecessor-version":[{"id":98424,"href":"https:\/\/estado29.mx\/index.php?rest_route=\/wp\/v2\/posts\/98422\/revisions\/98424"}],"wp:featuredmedia":[{"embeddable":true,"href":"https:\/\/estado29.mx\/index.php?rest_route=\/wp\/v2\/media\/98423"}],"wp:attachment":[{"href":"https:\/\/estado29.mx\/index.php?rest_route=%2Fwp%2Fv2%2Fmedia&parent=98422"}],"wp:term":[{"taxonomy":"category","embeddable":true,"href":"https:\/\/estado29.mx\/index.php?rest_route=%2Fwp%2Fv2%2Fcategories&post=98422"},{"taxonomy":"post_tag","embeddable":true,"href":"https:\/\/estado29.mx\/index.php?rest_route=%2Fwp%2Fv2%2Ftags&post=98422"}],"curies":[{"name":"wp","href":"https:\/\/api.w.org\/{rel}","templated":true}]}}