{"id":98428,"date":"2025-08-26T04:22:39","date_gmt":"2025-08-26T04:22:39","guid":{"rendered":"https:\/\/estado29.mx\/?p=98428"},"modified":"2025-08-26T04:22:39","modified_gmt":"2025-08-26T04:22:39","slug":"brindan-a-estudiantes-uatx-conferencia-motivacional-sobre-proyecto-de-vida","status":"publish","type":"post","link":"https:\/\/estado29.mx\/?p=98428","title":{"rendered":"Brindan a estudiantes UATx conferencia motivacional sobre proyecto de vida"},"content":{"rendered":"<figure class=\"wp-block-post-featured-image\"><img loading=\"lazy\" decoding=\"async\" width=\"1856\" height=\"774\" src=\"https:\/\/estado29.mx\/wp-content\/uploads\/2025\/08\/21-Brindan-a-estudiantes-UATx-conferencia-motivacional-sobre-proyecto-de-vida-1.png\" class=\"attachment-post-thumbnail size-post-thumbnail wp-post-image\" alt=\"\" style=\"object-fit:cover;\" srcset=\"https:\/\/estado29.mx\/wp-content\/uploads\/2025\/08\/21-Brindan-a-estudiantes-UATx-conferencia-motivacional-sobre-proyecto-de-vida-1.png 1856w, https:\/\/estado29.mx\/wp-content\/uploads\/2025\/08\/21-Brindan-a-estudiantes-UATx-conferencia-motivacional-sobre-proyecto-de-vida-1-300x125.png 300w, https:\/\/estado29.mx\/wp-content\/uploads\/2025\/08\/21-Brindan-a-estudiantes-UATx-conferencia-motivacional-sobre-proyecto-de-vida-1-1024x427.png 1024w, https:\/\/estado29.mx\/wp-content\/uploads\/2025\/08\/21-Brindan-a-estudiantes-UATx-conferencia-motivacional-sobre-proyecto-de-vida-1-768x320.png 768w, https:\/\/estado29.mx\/wp-content\/uploads\/2025\/08\/21-Brindan-a-estudiantes-UATx-conferencia-motivacional-sobre-proyecto-de-vida-1-1536x641.png 1536w, https:\/\/estado29.mx\/wp-content\/uploads\/2025\/08\/21-Brindan-a-estudiantes-UATx-conferencia-motivacional-sobre-proyecto-de-vida-1-750x313.png 750w, https:\/\/estado29.mx\/wp-content\/uploads\/2025\/08\/21-Brindan-a-estudiantes-UATx-conferencia-motivacional-sobre-proyecto-de-vida-1-1140x475.png 1140w\" sizes=\"auto, (max-width: 1856px) 100vw, 1856px\" \/><\/figure>\n\n\n<p>\u00fc&nbsp;&nbsp;Con prop\u00f3sito y compromiso social<\/p>\n\n\n\n<p>Para inspirar a los estudiantes de nuevo ingreso a construir un proyecto de vida con sentido, prop\u00f3sito y compromiso social,&nbsp; la Coordinaci\u00f3n de Ciencias Sociales y Administrativas de la Universidad Aut\u00f3noma de Tlaxcala (UATx) organiz\u00f3 la conferencia virtual \u201cFormar parte es el comienzo, dejar huella es la meta\u201d que imparti\u00f3 el Doctor Oscar Aldana Torres, quien invit\u00f3 al di\u00e1logo a trav\u00e9s de la pregunta detonadora: &nbsp;\u00bfExiste la f\u00f3rmula del \u00e9xito?.<\/p>\n\n\n\n<p>El docente de la Facultad de Ciencias para el Desarrollo Humano de la UATx comparti\u00f3 algunas claves fundamentales para alcanzar el \u00e9xito personal, entre ellas, buscar objetivos, tender la cama, encontrar la pasi\u00f3n, no correr, caminar de forma correcta y practicar la gratitud.<\/p>\n\n\n\n<p>La actividad estuvo dirigida a estudiantes de nuevo ingreso y la pl\u00e1tica logr\u00f3 captar la atenci\u00f3n, al plantear una inquietud com\u00fan en quienes comienzan su formaci\u00f3n universitaria y abrir un espacio de di\u00e1logo sobre el sentido profundo de pertenecer a una comunidad acad\u00e9mica.<\/p>\n\n\n\n<p>Adem\u00e1s, el Doctor Aldana Torres subray\u00f3 que la UATx ofrece mucho m\u00e1s que una formaci\u00f3n acad\u00e9mica, pues se constituye como un espacio seguro, de dignidad y fortaleza, en el que los estudiantes pueden participar con confianza, explorar nuevas experiencias y comprometerse con el trabajo social en diversas comunidades.<\/p>\n\n\n\n<p>Por \u00faltimo, coment\u00f3 que uno de los aprendizajes m\u00e1s valiosos que recibir\u00e1n, ser\u00e1 el profundo compromiso social que distingue a esta Casa de Estudios, en su misi\u00f3n de contribuir al desarrollo humano y al bienestar del estado de Tlaxcala.<\/p>\n\n\n\n<p>Acompa\u00f1aron esta actividad el Maestro Alejandro Palma Suarez, Secretario Acad\u00e9mico, la Doctora Gloria Ram\u00edrez El\u00edas, Secretaria de Autorrealizaci\u00f3n, y la Doctora Lilibeth Portillo Rumbo, Coordinadora de Ciencias Sociales y Administrativas.<\/p>\n","protected":false},"excerpt":{"rendered":"<p>\u00fc&nbsp;&nbsp;Con prop\u00f3sito y compromiso social Para inspirar a los estudiantes de nuevo ingreso a construir un proyecto de vida con sentido, prop\u00f3sito y compromiso social,&nbsp; la Coordinaci\u00f3n de Ciencias Sociales y Administrativas de la Universidad Aut\u00f3noma de Tlaxcala (UATx) organiz\u00f3 la conferencia virtual \u201cFormar parte es el comienzo, dejar huella es la meta\u201d que imparti\u00f3 [&hellip;]<\/p>\n","protected":false},"author":9,"featured_media":98429,"comment_status":"open","ping_status":"open","sticky":false,"template":"","format":"standard","meta":{"om_disable_all_campaigns":false,"_monsterinsights_skip_tracking":false,"_monsterinsights_sitenote_active":false,"_monsterinsights_sitenote_note":"","_monsterinsights_sitenote_category":0,"jnews-multi-image_gallery":[],"jnews_single_post":{"format":"standard"},"jnews_primary_category":[],"footnotes":""},"categories":[1],"tags":[],"class_list":["post-98428","post","type-post","status-publish","format-standard","has-post-thumbnail","hentry","category-uncategorized"],"aioseo_notices":[],"_links":{"self":[{"href":"https:\/\/estado29.mx\/index.php?rest_route=\/wp\/v2\/posts\/98428","targetHints":{"allow":["GET"]}}],"collection":[{"href":"https:\/\/estado29.mx\/index.php?rest_route=\/wp\/v2\/posts"}],"about":[{"href":"https:\/\/estado29.mx\/index.php?rest_route=\/wp\/v2\/types\/post"}],"author":[{"embeddable":true,"href":"https:\/\/estado29.mx\/index.php?rest_route=\/wp\/v2\/users\/9"}],"replies":[{"embeddable":true,"href":"https:\/\/estado29.mx\/index.php?rest_route=%2Fwp%2Fv2%2Fcomments&post=98428"}],"version-history":[{"count":1,"href":"https:\/\/estado29.mx\/index.php?rest_route=\/wp\/v2\/posts\/98428\/revisions"}],"predecessor-version":[{"id":98430,"href":"https:\/\/estado29.mx\/index.php?rest_route=\/wp\/v2\/posts\/98428\/revisions\/98430"}],"wp:featuredmedia":[{"embeddable":true,"href":"https:\/\/estado29.mx\/index.php?rest_route=\/wp\/v2\/media\/98429"}],"wp:attachment":[{"href":"https:\/\/estado29.mx\/index.php?rest_route=%2Fwp%2Fv2%2Fmedia&parent=98428"}],"wp:term":[{"taxonomy":"category","embeddable":true,"href":"https:\/\/estado29.mx\/index.php?rest_route=%2Fwp%2Fv2%2Fcategories&post=98428"},{"taxonomy":"post_tag","embeddable":true,"href":"https:\/\/estado29.mx\/index.php?rest_route=%2Fwp%2Fv2%2Ftags&post=98428"}],"curies":[{"name":"wp","href":"https:\/\/api.w.org\/{rel}","templated":true}]}}