{"id":98431,"date":"2025-08-26T04:29:39","date_gmt":"2025-08-26T04:29:39","guid":{"rendered":"https:\/\/estado29.mx\/?p=98431"},"modified":"2025-08-26T04:29:39","modified_gmt":"2025-08-26T04:29:39","slug":"concluye-su-formacion-nueva-generacion-de-abogados-en-la-uatx","status":"publish","type":"post","link":"https:\/\/estado29.mx\/?p=98431","title":{"rendered":"Concluye su formaci\u00f3n nueva generaci\u00f3n de abogados en la UATx"},"content":{"rendered":"<figure class=\"wp-block-post-featured-image\"><img loading=\"lazy\" decoding=\"async\" width=\"2560\" height=\"1707\" src=\"https:\/\/estado29.mx\/wp-content\/uploads\/2025\/08\/21-Concluye-su-formacion-nueva-generacion-de-abogados-en-la-UATx-3-scaled.jpg\" class=\"attachment-post-thumbnail size-post-thumbnail wp-post-image\" alt=\"\" style=\"object-fit:cover;\" srcset=\"https:\/\/estado29.mx\/wp-content\/uploads\/2025\/08\/21-Concluye-su-formacion-nueva-generacion-de-abogados-en-la-UATx-3-scaled.jpg 2560w, https:\/\/estado29.mx\/wp-content\/uploads\/2025\/08\/21-Concluye-su-formacion-nueva-generacion-de-abogados-en-la-UATx-3-300x200.jpg 300w, https:\/\/estado29.mx\/wp-content\/uploads\/2025\/08\/21-Concluye-su-formacion-nueva-generacion-de-abogados-en-la-UATx-3-1024x683.jpg 1024w, https:\/\/estado29.mx\/wp-content\/uploads\/2025\/08\/21-Concluye-su-formacion-nueva-generacion-de-abogados-en-la-UATx-3-768x512.jpg 768w, https:\/\/estado29.mx\/wp-content\/uploads\/2025\/08\/21-Concluye-su-formacion-nueva-generacion-de-abogados-en-la-UATx-3-1536x1024.jpg 1536w, https:\/\/estado29.mx\/wp-content\/uploads\/2025\/08\/21-Concluye-su-formacion-nueva-generacion-de-abogados-en-la-UATx-3-2048x1365.jpg 2048w, https:\/\/estado29.mx\/wp-content\/uploads\/2025\/08\/21-Concluye-su-formacion-nueva-generacion-de-abogados-en-la-UATx-3-750x500.jpg 750w, https:\/\/estado29.mx\/wp-content\/uploads\/2025\/08\/21-Concluye-su-formacion-nueva-generacion-de-abogados-en-la-UATx-3-1140x760.jpg 1140w\" sizes=\"auto, (max-width: 2560px) 100vw, 2560px\" \/><\/figure>\n\n\n<p>\u00fc&nbsp;&nbsp;Egresados fortalecen el compromiso acad\u00e9mico y social de la Universidad: Rector<\/p>\n\n\n\n<p>El Doctor Seraf\u00edn Ortiz Ortiz, Rector de la Universidad Aut\u00f3noma de Tlaxcala (UATx), presidi\u00f3 la solemne ceremonia de graduaci\u00f3n de 109 estudiantes de la Licenciatura en Derecho de las terminales en Seguridad entre Particulares, Seguridad Social y Seguridad P\u00fablica, en el Teatro Universitario.<\/p>\n\n\n\n<p>Ante los graduados, sus familiares y la comunidad de la Facultad de Derecho, Ciencias Pol\u00edticas y Criminolog\u00eda, el Doctor Seraf\u00edn Ortiz afirm\u00f3 que los abogados que egresan de la Aut\u00f3noma de Tlaxcala contribuyen a la transformaci\u00f3n de nuestra sociedad y con su profesi\u00f3n sirven al pueblo de Tlaxcala en la soluci\u00f3n de los problemas importantes de convivencia social.<\/p>\n\n\n\n<p>En congruencia con lo que establece nuestro apotegma, prosigui\u00f3 el Rector de la UATx, \u201cPor la cultura a la justicia social\u201d, buscamos hacer esta vida m\u00e1s equilibrada, m\u00e1s equitativa y m\u00e1s participativa por medio de la educaci\u00f3n que reciben los j\u00f3venes, en un beneficio que se extiende tambi\u00e9n a sus familias, y expres\u00f3 su reconocimiento a quienes se incorporan al reto de transformar a la sociedad.<\/p>\n\n\n\n<p>A su vez, el Maestro Dante Morales Cruz, Director de la Facultad de Derecho, Ciencias Pol\u00edticas y Criminolog\u00eda, exhort\u00f3 a los egresados a mantenerse en constante actualizaci\u00f3n profesional, recordando que la UATx cuenta con una amplia oferta acad\u00e9mica de especialidad. Adem\u00e1s, los convoc\u00f3 a un desempe\u00f1o profesional regido por la \u00e9tica ya que el \u00e9xito se complementa con la honestidad y la rectitud.<\/p>\n\n\n\n<p>Con la representaci\u00f3n de los graduados de la generaci\u00f3n 2021-2025, el estudiante Omar S\u00e1nchez Luna se refiri\u00f3 al esfuerzo, disciplina y perseverancia que dedicaron a sus estudios, y ahora est\u00e1n preparados para poner sus conocimientos al servicio de la sociedad, buscando la excelencia en todo lo que hagan.<\/p>\n","protected":false},"excerpt":{"rendered":"<p>\u00fc&nbsp;&nbsp;Egresados fortalecen el compromiso acad\u00e9mico y social de la Universidad: Rector El Doctor Seraf\u00edn Ortiz Ortiz, Rector de la Universidad Aut\u00f3noma de Tlaxcala (UATx), presidi\u00f3 la solemne ceremonia de graduaci\u00f3n de 109 estudiantes de la Licenciatura en Derecho de las terminales en Seguridad entre Particulares, Seguridad Social y Seguridad P\u00fablica, en el Teatro Universitario. Ante [&hellip;]<\/p>\n","protected":false},"author":9,"featured_media":98432,"comment_status":"open","ping_status":"open","sticky":false,"template":"","format":"standard","meta":{"om_disable_all_campaigns":false,"_monsterinsights_skip_tracking":false,"_monsterinsights_sitenote_active":false,"_monsterinsights_sitenote_note":"","_monsterinsights_sitenote_category":0,"jnews-multi-image_gallery":[],"jnews_single_post":{"format":"standard"},"jnews_primary_category":[],"footnotes":""},"categories":[1],"tags":[],"class_list":["post-98431","post","type-post","status-publish","format-standard","has-post-thumbnail","hentry","category-uncategorized"],"aioseo_notices":[],"_links":{"self":[{"href":"https:\/\/estado29.mx\/index.php?rest_route=\/wp\/v2\/posts\/98431","targetHints":{"allow":["GET"]}}],"collection":[{"href":"https:\/\/estado29.mx\/index.php?rest_route=\/wp\/v2\/posts"}],"about":[{"href":"https:\/\/estado29.mx\/index.php?rest_route=\/wp\/v2\/types\/post"}],"author":[{"embeddable":true,"href":"https:\/\/estado29.mx\/index.php?rest_route=\/wp\/v2\/users\/9"}],"replies":[{"embeddable":true,"href":"https:\/\/estado29.mx\/index.php?rest_route=%2Fwp%2Fv2%2Fcomments&post=98431"}],"version-history":[{"count":1,"href":"https:\/\/estado29.mx\/index.php?rest_route=\/wp\/v2\/posts\/98431\/revisions"}],"predecessor-version":[{"id":98433,"href":"https:\/\/estado29.mx\/index.php?rest_route=\/wp\/v2\/posts\/98431\/revisions\/98433"}],"wp:featuredmedia":[{"embeddable":true,"href":"https:\/\/estado29.mx\/index.php?rest_route=\/wp\/v2\/media\/98432"}],"wp:attachment":[{"href":"https:\/\/estado29.mx\/index.php?rest_route=%2Fwp%2Fv2%2Fmedia&parent=98431"}],"wp:term":[{"taxonomy":"category","embeddable":true,"href":"https:\/\/estado29.mx\/index.php?rest_route=%2Fwp%2Fv2%2Fcategories&post=98431"},{"taxonomy":"post_tag","embeddable":true,"href":"https:\/\/estado29.mx\/index.php?rest_route=%2Fwp%2Fv2%2Ftags&post=98431"}],"curies":[{"name":"wp","href":"https:\/\/api.w.org\/{rel}","templated":true}]}}