{"id":98449,"date":"2025-08-26T05:06:07","date_gmt":"2025-08-26T05:06:07","guid":{"rendered":"https:\/\/estado29.mx\/?p=98449"},"modified":"2025-08-26T05:06:07","modified_gmt":"2025-08-26T05:06:07","slug":"revitaliza-la-uatx-el-legado-de-las-personas-mayores-con-la-3a-semana-de-saberes-ancestrales","status":"publish","type":"post","link":"https:\/\/estado29.mx\/?p=98449","title":{"rendered":"Revitaliza la UATx el legado de las personas mayores con la 3\u00aa Semana de Saberes Ancestrales"},"content":{"rendered":"<figure class=\"wp-block-post-featured-image\"><img loading=\"lazy\" decoding=\"async\" width=\"1178\" height=\"810\" src=\"https:\/\/estado29.mx\/wp-content\/uploads\/2025\/08\/WhatsApp-Image-2025-08-25-at-11.05.30-PM.jpeg\" class=\"attachment-post-thumbnail size-post-thumbnail wp-post-image\" alt=\"\" style=\"object-fit:cover;\" srcset=\"https:\/\/estado29.mx\/wp-content\/uploads\/2025\/08\/WhatsApp-Image-2025-08-25-at-11.05.30-PM.jpeg 1178w, https:\/\/estado29.mx\/wp-content\/uploads\/2025\/08\/WhatsApp-Image-2025-08-25-at-11.05.30-PM-300x206.jpeg 300w, https:\/\/estado29.mx\/wp-content\/uploads\/2025\/08\/WhatsApp-Image-2025-08-25-at-11.05.30-PM-1024x704.jpeg 1024w, https:\/\/estado29.mx\/wp-content\/uploads\/2025\/08\/WhatsApp-Image-2025-08-25-at-11.05.30-PM-768x528.jpeg 768w, https:\/\/estado29.mx\/wp-content\/uploads\/2025\/08\/WhatsApp-Image-2025-08-25-at-11.05.30-PM-750x516.jpeg 750w, https:\/\/estado29.mx\/wp-content\/uploads\/2025\/08\/WhatsApp-Image-2025-08-25-at-11.05.30-PM-1140x784.jpeg 1140w\" sizes=\"auto, (max-width: 1178px) 100vw, 1178px\" \/><\/figure>\n\n\n<p>\u00fc El pr\u00f3ximo mi\u00e9rcoles instalar\u00e1n el mercado Las vejeces en su hacer y saber: memorias y marcas sociales<\/p>\n\n\n\n<p>En un ambiente de reflexi\u00f3n, reconocimiento y di\u00e1logo intergeneracional, iniciaron los trabajos de la \ud835\udfd1\u00aa \ud835\udc12\ud835\udc1e\ud835\udc26\ud835\udc1a\ud835\udc27\ud835\udc1a \ud835\udc1d\ud835\udc1e \ud835\udc12\ud835\udc1a\ud835\udc1b\ud835\udc1e\ud835\udc2b\ud835\udc1e\ud835\udc2c \ud835\udc00\ud835\udc27\ud835\udc1c\ud835\udc1e\ud835\udc2c\ud835\udc2d\ud835\udc2b\ud835\udc1a\ud835\udc25\ud835\udc1e\ud835\udc2c. \ud835\udc04\ud835\udc27\ud835\udc2d\ud835\udc2b\ud835\udc1e \ud835\udc25\ud835\udc28\ud835\udc2c \ud835\udc2c\ud835\udc1a\ud835\udc1b\ud835\udc1e\ud835\udc2b\ud835\udc1e\ud835\udc2c \ud835\udc32 \ud835\udc21\ud835\udc1a\ud835\udc1c\ud835\udc1e\ud835\udc2b\ud835\udc1e\ud835\udc2c, \ud835\udc1e\ud835\udc25 \ud835\udc25\ud835\udc1e\ud835\udc20\ud835\udc1a\ud835\udc1d\ud835\udc28 \ud835\udc1d\ud835\udc1e \ud835\udc25\ud835\udc28\ud835\udc2c \ud835\udc26\ud835\udc1a\ud835\udc32\ud835\udc28\ud835\udc2b\ud835\udc1e\ud835\udc2c, organizada por la Licenciatura en Gerontolog\u00eda Social de la Facultad de Ciencias para el Desarrollo Humano de la Universidad Aut\u00f3noma de Tlaxcala (FCDH- UATx).<\/p>\n\n\n\n<p>En la ceremonia protocolaria de inauguraci\u00f3n, el Doctor Josu\u00e9 Antonio Camacho Candia, Director de la FCDH, especific\u00f3 que dicho espacio acad\u00e9mico y cultural tiene como objetivo valorar, visibilizar y compartir los conocimientos, tradiciones y experiencias de las personas mayores, reconoci\u00e9ndolas como portadoras de saberes fundamentales para la construcci\u00f3n de una sociedad m\u00e1s justa, consciente y conectada con sus ra\u00edces.<\/p>\n\n\n\n<p>Ante la comunidad de Desarrollo Humano reunida en el Auditorio \u201cRa\u00fal Jim\u00e9nez Guill\u00e9n\u201d, el Doctor Camacho Candia agreg\u00f3 que los saberes ancestrales constituyen la ra\u00edz de nuestra memoria colectiva y un pilar de la identidad de los pueblos, pues en cada pr\u00e1ctica y palabra transmitida de generaci\u00f3n en generaci\u00f3n se conserva un legado que nos recuerda de d\u00f3nde venimos y qui\u00e9nes somos.<\/p>\n\n\n\n<p>En tanto, la Maestra Susana Corona Ordaz, Coordinadora de la Licenciatura en Gerontolog\u00eda Social, destac\u00f3 que la Semana de Saberes Ancestrales es un espacio para dialogar, aprender y compartir, un encuentro entre saberes en el que se entrelaza un puente entre la tradici\u00f3n y la contemporaneidad, en un di\u00e1logo con las personas mayores, portadoras de conocimiento profundo.<\/p>\n\n\n\n<p>Adem\u00e1s, coment\u00f3 que los saberes ancestrales unen a las personas en comunidad, ense\u00f1an el valor de la solidaridad, la reciprocidad, la ayuda mutua y, a trav\u00e9s de ellos, reconocemos a las personas mayores como gu\u00edas, consejeros y portadores de experiencias que fortalecen en lo colectivo, en s\u00ed, son un recordatorio de que la vida no se construye en soledad, sino en compa\u00f1\u00eda y di\u00e1logo entre generaciones.<\/p>\n\n\n\n<p>Durante esta edici\u00f3n, habr\u00e1 cuatro presentaciones a cargo de personas mayores que compartir\u00e1n su experiencia en \u00e1mbitos como el trabajo de amas de casa en econom\u00eda y cuidados, la tradici\u00f3n de los panaderos de San Juan Huactzinco, la memoria de los ferrocarrileros y el carnaval de San Bernardino Contla. Asimismo, se instalar\u00e1 el mercado \ud835\udc0b\ud835\udc1a\ud835\udc2c \ud835\udc2f\ud835\udc1e\ud835\udc23\ud835\udc1e\ud835\udc1c\ud835\udc1e\ud835\udc2c \ud835\udc1e\ud835\udc27 \ud835\udc2c\ud835\udc2e \ud835\udc21\ud835\udc1a\ud835\udc1c\ud835\udc1e\ud835\udc2b \ud835\udc32 \ud835\udc2c\ud835\udc1a\ud835\udc1b\ud835\udc1e\ud835\udc2b: \ud835\udc26\ud835\udc1e\ud835\udc26\ud835\udc28\ud835\udc2b\ud835\udc22\ud835\udc1a\ud835\udc2c \ud835\udc32 \ud835\udc26\ud835\udc1a\ud835\udc2b\ud835\udc1c\ud835\udc1a\ud835\udc2c<\/p>\n\n\n\n<p>\ud835\udc2c\ud835\udc28\ud835\udc1c\ud835\udc22\ud835\udc1a\ud835\udc25\ud835\udc1e\ud835\udc2c, como un espacio de intercambio cultural y comunitario el d\u00eda mi\u00e9rcoles en la explanada de la Facultad de Ciencias para el Desarrollo Humano.<\/p>\n","protected":false},"excerpt":{"rendered":"<p>\u00fc El pr\u00f3ximo mi\u00e9rcoles instalar\u00e1n el mercado Las vejeces en su hacer y saber: memorias y marcas sociales En un ambiente de reflexi\u00f3n, reconocimiento y di\u00e1logo intergeneracional, iniciaron los trabajos de la \ud835\udfd1\u00aa \ud835\udc12\ud835\udc1e\ud835\udc26\ud835\udc1a\ud835\udc27\ud835\udc1a \ud835\udc1d\ud835\udc1e \ud835\udc12\ud835\udc1a\ud835\udc1b\ud835\udc1e\ud835\udc2b\ud835\udc1e\ud835\udc2c \ud835\udc00\ud835\udc27\ud835\udc1c\ud835\udc1e\ud835\udc2c\ud835\udc2d\ud835\udc2b\ud835\udc1a\ud835\udc25\ud835\udc1e\ud835\udc2c. \ud835\udc04\ud835\udc27\ud835\udc2d\ud835\udc2b\ud835\udc1e \ud835\udc25\ud835\udc28\ud835\udc2c \ud835\udc2c\ud835\udc1a\ud835\udc1b\ud835\udc1e\ud835\udc2b\ud835\udc1e\ud835\udc2c \ud835\udc32 \ud835\udc21\ud835\udc1a\ud835\udc1c\ud835\udc1e\ud835\udc2b\ud835\udc1e\ud835\udc2c, \ud835\udc1e\ud835\udc25 \ud835\udc25\ud835\udc1e\ud835\udc20\ud835\udc1a\ud835\udc1d\ud835\udc28 \ud835\udc1d\ud835\udc1e \ud835\udc25\ud835\udc28\ud835\udc2c \ud835\udc26\ud835\udc1a\ud835\udc32\ud835\udc28\ud835\udc2b\ud835\udc1e\ud835\udc2c, organizada por la Licenciatura en Gerontolog\u00eda Social de [&hellip;]<\/p>\n","protected":false},"author":9,"featured_media":98450,"comment_status":"open","ping_status":"open","sticky":false,"template":"","format":"standard","meta":{"om_disable_all_campaigns":false,"_monsterinsights_skip_tracking":false,"_monsterinsights_sitenote_active":false,"_monsterinsights_sitenote_note":"","_monsterinsights_sitenote_category":0,"jnews-multi-image_gallery":[],"jnews_single_post":{"format":"standard"},"jnews_primary_category":[],"footnotes":""},"categories":[1],"tags":[],"class_list":["post-98449","post","type-post","status-publish","format-standard","has-post-thumbnail","hentry","category-uncategorized"],"aioseo_notices":[],"_links":{"self":[{"href":"https:\/\/estado29.mx\/index.php?rest_route=\/wp\/v2\/posts\/98449","targetHints":{"allow":["GET"]}}],"collection":[{"href":"https:\/\/estado29.mx\/index.php?rest_route=\/wp\/v2\/posts"}],"about":[{"href":"https:\/\/estado29.mx\/index.php?rest_route=\/wp\/v2\/types\/post"}],"author":[{"embeddable":true,"href":"https:\/\/estado29.mx\/index.php?rest_route=\/wp\/v2\/users\/9"}],"replies":[{"embeddable":true,"href":"https:\/\/estado29.mx\/index.php?rest_route=%2Fwp%2Fv2%2Fcomments&post=98449"}],"version-history":[{"count":1,"href":"https:\/\/estado29.mx\/index.php?rest_route=\/wp\/v2\/posts\/98449\/revisions"}],"predecessor-version":[{"id":98451,"href":"https:\/\/estado29.mx\/index.php?rest_route=\/wp\/v2\/posts\/98449\/revisions\/98451"}],"wp:featuredmedia":[{"embeddable":true,"href":"https:\/\/estado29.mx\/index.php?rest_route=\/wp\/v2\/media\/98450"}],"wp:attachment":[{"href":"https:\/\/estado29.mx\/index.php?rest_route=%2Fwp%2Fv2%2Fmedia&parent=98449"}],"wp:term":[{"taxonomy":"category","embeddable":true,"href":"https:\/\/estado29.mx\/index.php?rest_route=%2Fwp%2Fv2%2Fcategories&post=98449"},{"taxonomy":"post_tag","embeddable":true,"href":"https:\/\/estado29.mx\/index.php?rest_route=%2Fwp%2Fv2%2Ftags&post=98449"}],"curies":[{"name":"wp","href":"https:\/\/api.w.org\/{rel}","templated":true}]}}