{"id":98452,"date":"2025-08-26T05:09:32","date_gmt":"2025-08-26T05:09:32","guid":{"rendered":"https:\/\/estado29.mx\/?p=98452"},"modified":"2025-08-26T05:09:32","modified_gmt":"2025-08-26T05:09:32","slug":"el-smdif-huamantla-refuerza-la-alimentacion-de-las-familias-con-la-entrega-de-despensas-2","status":"publish","type":"post","link":"https:\/\/estado29.mx\/?p=98452","title":{"rendered":"EL SMDIF HUAMANTLA REFUERZA LA ALIMENTACI\u00d3N DE LAS FAMILIAS CON LA ENTREGA DE DESPENSAS"},"content":{"rendered":"<figure class=\"wp-block-post-featured-image\"><img loading=\"lazy\" decoding=\"async\" width=\"1080\" height=\"1350\" src=\"https:\/\/estado29.mx\/wp-content\/uploads\/2025\/08\/WhatsApp-Image-2025-08-25-at-3.04.07-PM-1.jpeg\" class=\"attachment-post-thumbnail size-post-thumbnail wp-post-image\" alt=\"\" style=\"object-fit:cover;\" srcset=\"https:\/\/estado29.mx\/wp-content\/uploads\/2025\/08\/WhatsApp-Image-2025-08-25-at-3.04.07-PM-1.jpeg 1080w, https:\/\/estado29.mx\/wp-content\/uploads\/2025\/08\/WhatsApp-Image-2025-08-25-at-3.04.07-PM-1-240x300.jpeg 240w, https:\/\/estado29.mx\/wp-content\/uploads\/2025\/08\/WhatsApp-Image-2025-08-25-at-3.04.07-PM-1-819x1024.jpeg 819w, https:\/\/estado29.mx\/wp-content\/uploads\/2025\/08\/WhatsApp-Image-2025-08-25-at-3.04.07-PM-1-768x960.jpeg 768w, https:\/\/estado29.mx\/wp-content\/uploads\/2025\/08\/WhatsApp-Image-2025-08-25-at-3.04.07-PM-1-750x938.jpeg 750w\" sizes=\"auto, (max-width: 1080px) 100vw, 1080px\" \/><\/figure>\n\n\n<p>El Sistema Municipal para el Desarrollo Integral de la Familia (SMDIF) Huamantla informa a las y los beneficiarios del Programa de Asistencia Social Alimentaria que la entrega de despensas correspondiente al mes de agosto se realizar\u00e1 los d\u00edas mi\u00e9rcoles 27 de agosto, en un horario de 11:00 a.m. a 3:00 p.m. Y el jueves 28 de agosto de 9:00 a.m. a 12:00 p.m en sus instalaciones ubicadas en calle Fernando Hern\u00e1ndez Carrasco 101, Barrio San Jos\u00e9.<\/p>\n\n\n\n<p>La entrega ser\u00e1 exclusivamente para los beneficiarios registrados en el padr\u00f3n del programa por lo que es indispensable presentar INE y CURP actualizadas, con fecha de emisi\u00f3n del d\u00eda anterior o del mismo d\u00eda de la entrega, el apoyo solo se entregar\u00e1 al beneficiario o tutor registrado.<\/p>\n\n\n\n<p>As\u00ed mismo, se les recuerda a las y los beneficiarios que estos ser\u00e1n los \u00fanicos d\u00edas de entrega, por lo que se solicita respetar los horarios establecidos.<\/p>\n\n\n\n<p>Con estas acciones, el Gobierno Municipal de Huamantla que preside Salvador Santos Cedillo a trav\u00e9s del SMDIF reafirman su trabajo para fortalecer la alimentaci\u00f3n y el bienestar de las familias huamantlecas.<\/p>\n","protected":false},"excerpt":{"rendered":"<p>El Sistema Municipal para el Desarrollo Integral de la Familia (SMDIF) Huamantla informa a las y los beneficiarios del Programa de Asistencia Social Alimentaria que la entrega de despensas correspondiente al mes de agosto se realizar\u00e1 los d\u00edas mi\u00e9rcoles 27 de agosto, en un horario de 11:00 a.m. a 3:00 p.m. Y el jueves 28 [&hellip;]<\/p>\n","protected":false},"author":9,"featured_media":98453,"comment_status":"open","ping_status":"open","sticky":false,"template":"","format":"standard","meta":{"om_disable_all_campaigns":false,"_monsterinsights_skip_tracking":false,"_monsterinsights_sitenote_active":false,"_monsterinsights_sitenote_note":"","_monsterinsights_sitenote_category":0,"jnews-multi-image_gallery":[],"jnews_single_post":{"format":"standard"},"jnews_primary_category":[],"footnotes":""},"categories":[1],"tags":[],"class_list":["post-98452","post","type-post","status-publish","format-standard","has-post-thumbnail","hentry","category-uncategorized"],"aioseo_notices":[],"_links":{"self":[{"href":"https:\/\/estado29.mx\/index.php?rest_route=\/wp\/v2\/posts\/98452","targetHints":{"allow":["GET"]}}],"collection":[{"href":"https:\/\/estado29.mx\/index.php?rest_route=\/wp\/v2\/posts"}],"about":[{"href":"https:\/\/estado29.mx\/index.php?rest_route=\/wp\/v2\/types\/post"}],"author":[{"embeddable":true,"href":"https:\/\/estado29.mx\/index.php?rest_route=\/wp\/v2\/users\/9"}],"replies":[{"embeddable":true,"href":"https:\/\/estado29.mx\/index.php?rest_route=%2Fwp%2Fv2%2Fcomments&post=98452"}],"version-history":[{"count":1,"href":"https:\/\/estado29.mx\/index.php?rest_route=\/wp\/v2\/posts\/98452\/revisions"}],"predecessor-version":[{"id":98454,"href":"https:\/\/estado29.mx\/index.php?rest_route=\/wp\/v2\/posts\/98452\/revisions\/98454"}],"wp:featuredmedia":[{"embeddable":true,"href":"https:\/\/estado29.mx\/index.php?rest_route=\/wp\/v2\/media\/98453"}],"wp:attachment":[{"href":"https:\/\/estado29.mx\/index.php?rest_route=%2Fwp%2Fv2%2Fmedia&parent=98452"}],"wp:term":[{"taxonomy":"category","embeddable":true,"href":"https:\/\/estado29.mx\/index.php?rest_route=%2Fwp%2Fv2%2Fcategories&post=98452"},{"taxonomy":"post_tag","embeddable":true,"href":"https:\/\/estado29.mx\/index.php?rest_route=%2Fwp%2Fv2%2Ftags&post=98452"}],"curies":[{"name":"wp","href":"https:\/\/api.w.org\/{rel}","templated":true}]}}