{"id":98458,"date":"2025-08-26T05:11:56","date_gmt":"2025-08-26T05:11:56","guid":{"rendered":"https:\/\/estado29.mx\/?p=98458"},"modified":"2025-08-26T05:11:57","modified_gmt":"2025-08-26T05:11:57","slug":"policia-municipal-asegura-a-responsable-de-actos-vandalicos-en-el-parque-de-huamantla","status":"publish","type":"post","link":"https:\/\/estado29.mx\/?p=98458","title":{"rendered":"Polic\u00eda Municipal asegura a responsable de actos vand\u00e1licos en el Parque de Huamantla"},"content":{"rendered":"<figure class=\"wp-block-post-featured-image\"><img loading=\"lazy\" decoding=\"async\" width=\"1320\" height=\"1122\" src=\"https:\/\/estado29.mx\/wp-content\/uploads\/2025\/08\/WhatsApp-Image-2025-08-25-at-4.54.15-PM.jpeg\" class=\"attachment-post-thumbnail size-post-thumbnail wp-post-image\" alt=\"\" style=\"object-fit:cover;\" srcset=\"https:\/\/estado29.mx\/wp-content\/uploads\/2025\/08\/WhatsApp-Image-2025-08-25-at-4.54.15-PM.jpeg 1320w, https:\/\/estado29.mx\/wp-content\/uploads\/2025\/08\/WhatsApp-Image-2025-08-25-at-4.54.15-PM-300x255.jpeg 300w, https:\/\/estado29.mx\/wp-content\/uploads\/2025\/08\/WhatsApp-Image-2025-08-25-at-4.54.15-PM-1024x870.jpeg 1024w, https:\/\/estado29.mx\/wp-content\/uploads\/2025\/08\/WhatsApp-Image-2025-08-25-at-4.54.15-PM-768x653.jpeg 768w, https:\/\/estado29.mx\/wp-content\/uploads\/2025\/08\/WhatsApp-Image-2025-08-25-at-4.54.15-PM-750x638.jpeg 750w, https:\/\/estado29.mx\/wp-content\/uploads\/2025\/08\/WhatsApp-Image-2025-08-25-at-4.54.15-PM-1140x969.jpeg 1140w\" sizes=\"auto, (max-width: 1320px) 100vw, 1320px\" \/><\/figure>\n\n\n<p>Huamantla, Tlaxcala, a 23 de agosto de 2025.-<br>El H. Ayuntamiento de Huamantla informa que este d\u00eda, elementos de la Polic\u00eda Municipal aseguraron a una persona sorprendida en flagrancia mientras destru\u00eda mobiliario y \u00e1reas verdes del Parque de Huamantla, un espacio p\u00fablico que pertenece a todas las familias huamantlecas y que con esfuerzo se mantiene para el disfrute de la ciudadan\u00eda.<\/p>\n\n\n\n<p>Durante su aseguramiento, el individuo declar\u00f3 haber sido contratado para da\u00f1ar el patrimonio municipal, lo que convierte este hecho en algo m\u00e1s grave que un simple acto de vandalismo: es un atentado contra nuestra identidad, contra la tranquilidad de las familias y contra el esfuerzo de generaciones que han cuidado este emblem\u00e1tico lugar.<\/p>\n\n\n\n<p>El Ayuntamiento reitera que no se permitir\u00e1 que intereses ajenos al bien com\u00fan atenten contra lo que es de todos los huamantlecos. El parque es s\u00edmbolo de convivencia, cultura y orgullo para nuestra ciudad, y cualquier da\u00f1o a \u00e9l es un da\u00f1o directo a nuestra gente.<\/p>\n\n\n\n<p>El responsable fue puesto a disposici\u00f3n de la autoridad competente, y se dar\u00e1 seguimiento puntual al proceso para que este hecho no quede impune y se apliquen las sanciones correspondientes.<\/p>\n\n\n\n<p>El presidente municipal, Salvador Santos Cedillo, afirm\u00f3 con firmeza:<br>\u201c\u00a1Defenderemos nuestro patrimonio! Quien atente contra Huamantla atenta contra su gente, y no lo vamos a permitir.\u201d<\/p>\n","protected":false},"excerpt":{"rendered":"<p>Huamantla, Tlaxcala, a 23 de agosto de 2025.-El H. Ayuntamiento de Huamantla informa que este d\u00eda, elementos de la Polic\u00eda Municipal aseguraron a una persona sorprendida en flagrancia mientras destru\u00eda mobiliario y \u00e1reas verdes del Parque de Huamantla, un espacio p\u00fablico que pertenece a todas las familias huamantlecas y que con esfuerzo se mantiene para [&hellip;]<\/p>\n","protected":false},"author":9,"featured_media":98459,"comment_status":"open","ping_status":"open","sticky":false,"template":"","format":"standard","meta":{"om_disable_all_campaigns":false,"_monsterinsights_skip_tracking":false,"_monsterinsights_sitenote_active":false,"_monsterinsights_sitenote_note":"","_monsterinsights_sitenote_category":0,"jnews-multi-image_gallery":[],"jnews_single_post":{"format":"standard"},"jnews_primary_category":[],"footnotes":""},"categories":[1],"tags":[],"class_list":["post-98458","post","type-post","status-publish","format-standard","has-post-thumbnail","hentry","category-uncategorized"],"aioseo_notices":[],"_links":{"self":[{"href":"https:\/\/estado29.mx\/index.php?rest_route=\/wp\/v2\/posts\/98458","targetHints":{"allow":["GET"]}}],"collection":[{"href":"https:\/\/estado29.mx\/index.php?rest_route=\/wp\/v2\/posts"}],"about":[{"href":"https:\/\/estado29.mx\/index.php?rest_route=\/wp\/v2\/types\/post"}],"author":[{"embeddable":true,"href":"https:\/\/estado29.mx\/index.php?rest_route=\/wp\/v2\/users\/9"}],"replies":[{"embeddable":true,"href":"https:\/\/estado29.mx\/index.php?rest_route=%2Fwp%2Fv2%2Fcomments&post=98458"}],"version-history":[{"count":1,"href":"https:\/\/estado29.mx\/index.php?rest_route=\/wp\/v2\/posts\/98458\/revisions"}],"predecessor-version":[{"id":98460,"href":"https:\/\/estado29.mx\/index.php?rest_route=\/wp\/v2\/posts\/98458\/revisions\/98460"}],"wp:featuredmedia":[{"embeddable":true,"href":"https:\/\/estado29.mx\/index.php?rest_route=\/wp\/v2\/media\/98459"}],"wp:attachment":[{"href":"https:\/\/estado29.mx\/index.php?rest_route=%2Fwp%2Fv2%2Fmedia&parent=98458"}],"wp:term":[{"taxonomy":"category","embeddable":true,"href":"https:\/\/estado29.mx\/index.php?rest_route=%2Fwp%2Fv2%2Fcategories&post=98458"},{"taxonomy":"post_tag","embeddable":true,"href":"https:\/\/estado29.mx\/index.php?rest_route=%2Fwp%2Fv2%2Ftags&post=98458"}],"curies":[{"name":"wp","href":"https:\/\/api.w.org\/{rel}","templated":true}]}}