{"id":98461,"date":"2025-08-26T05:13:13","date_gmt":"2025-08-26T05:13:13","guid":{"rendered":"https:\/\/estado29.mx\/?p=98461"},"modified":"2025-08-26T05:13:14","modified_gmt":"2025-08-26T05:13:14","slug":"espectacular-noche-con-yuri-en-el-foro-del-artista-boletos-disponibles-para-el-recodo-y-el-tri","status":"publish","type":"post","link":"https:\/\/estado29.mx\/?p=98461","title":{"rendered":"Espectacular noche con Yuri en el Foro del Artista; boletos disponibles para El Recodo y El Tri"},"content":{"rendered":"<figure class=\"wp-block-post-featured-image\"><img loading=\"lazy\" decoding=\"async\" width=\"2560\" height=\"1707\" src=\"https:\/\/estado29.mx\/wp-content\/uploads\/2025\/08\/WhatsApp-Image-2025-08-25-at-6.11.19-PM-scaled.jpeg\" class=\"attachment-post-thumbnail size-post-thumbnail wp-post-image\" alt=\"\" style=\"object-fit:cover;\" srcset=\"https:\/\/estado29.mx\/wp-content\/uploads\/2025\/08\/WhatsApp-Image-2025-08-25-at-6.11.19-PM-scaled.jpeg 2560w, https:\/\/estado29.mx\/wp-content\/uploads\/2025\/08\/WhatsApp-Image-2025-08-25-at-6.11.19-PM-300x200.jpeg 300w, https:\/\/estado29.mx\/wp-content\/uploads\/2025\/08\/WhatsApp-Image-2025-08-25-at-6.11.19-PM-1024x683.jpeg 1024w, https:\/\/estado29.mx\/wp-content\/uploads\/2025\/08\/WhatsApp-Image-2025-08-25-at-6.11.19-PM-768x512.jpeg 768w, https:\/\/estado29.mx\/wp-content\/uploads\/2025\/08\/WhatsApp-Image-2025-08-25-at-6.11.19-PM-1536x1024.jpeg 1536w, https:\/\/estado29.mx\/wp-content\/uploads\/2025\/08\/WhatsApp-Image-2025-08-25-at-6.11.19-PM-2048x1366.jpeg 2048w, https:\/\/estado29.mx\/wp-content\/uploads\/2025\/08\/WhatsApp-Image-2025-08-25-at-6.11.19-PM-750x500.jpeg 750w, https:\/\/estado29.mx\/wp-content\/uploads\/2025\/08\/WhatsApp-Image-2025-08-25-at-6.11.19-PM-1140x760.jpeg 1140w\" sizes=\"auto, (max-width: 2560px) 100vw, 2560px\" \/><\/figure>\n\n\n<p>Huamantla, Tlaxcala, a 24 de agosto de 2025.-<br>La Feria Internacional del Arte Ef\u00edmero y la Dalia 2025 vivi\u00f3 una noche espectacular con la presentaci\u00f3n de Yuri, quien se apoder\u00f3 del escenario del Foro del Artista, deleitando a miles de asistentes con su talento, energ\u00eda y un repertorio que hizo vibrar a Huamantla.<\/p>\n\n\n\n<p>El Gobierno Municipal, que encabeza Salvador Santos Cedillo, agradece la gran respuesta de la ciudadan\u00eda y visitantes que se dieron cita para disfrutar de este magno concierto, el cual formar\u00e1 parte de los recuerdos m\u00e1s memorables de esta feria.<\/p>\n\n\n\n<p>La cartelera art\u00edstica contin\u00faa y a\u00fan hay boletos disponibles para los conciertos de:<br>\u2022 \ud83c\udfba El Recodo, este viernes 29 de agosto.<br>\u2022 \ud83c\udfb8 El Tri, el s\u00e1bado 30 de agosto.<\/p>\n\n\n\n<p>Se recuerda a la ciudadan\u00eda que los accesos deben adquirirse \u00fanicamente en el m\u00f3dulo oficial de la feria o en la p\u00e1gina web \ud83c\udf10 www.feriadehuamantla2025.com, garantizando as\u00ed una compra segura y acceso confiable a estos grandes espect\u00e1culos.<\/p>\n\n\n\n<p>\ud83d\udc9a La Feria de Huamantla 2025 sigue llenando de m\u00fasica, tradici\u00f3n y alegr\u00eda a nuestro Pueblo M\u00e1gico.<\/p>\n","protected":false},"excerpt":{"rendered":"<p>Huamantla, Tlaxcala, a 24 de agosto de 2025.-La Feria Internacional del Arte Ef\u00edmero y la Dalia 2025 vivi\u00f3 una noche espectacular con la presentaci\u00f3n de Yuri, quien se apoder\u00f3 del escenario del Foro del Artista, deleitando a miles de asistentes con su talento, energ\u00eda y un repertorio que hizo vibrar a Huamantla. El Gobierno Municipal, [&hellip;]<\/p>\n","protected":false},"author":9,"featured_media":98462,"comment_status":"open","ping_status":"open","sticky":false,"template":"","format":"standard","meta":{"om_disable_all_campaigns":false,"_monsterinsights_skip_tracking":false,"_monsterinsights_sitenote_active":false,"_monsterinsights_sitenote_note":"","_monsterinsights_sitenote_category":0,"jnews-multi-image_gallery":[],"jnews_single_post":{"format":"standard"},"jnews_primary_category":[],"footnotes":""},"categories":[1],"tags":[],"class_list":["post-98461","post","type-post","status-publish","format-standard","has-post-thumbnail","hentry","category-uncategorized"],"aioseo_notices":[],"_links":{"self":[{"href":"https:\/\/estado29.mx\/index.php?rest_route=\/wp\/v2\/posts\/98461","targetHints":{"allow":["GET"]}}],"collection":[{"href":"https:\/\/estado29.mx\/index.php?rest_route=\/wp\/v2\/posts"}],"about":[{"href":"https:\/\/estado29.mx\/index.php?rest_route=\/wp\/v2\/types\/post"}],"author":[{"embeddable":true,"href":"https:\/\/estado29.mx\/index.php?rest_route=\/wp\/v2\/users\/9"}],"replies":[{"embeddable":true,"href":"https:\/\/estado29.mx\/index.php?rest_route=%2Fwp%2Fv2%2Fcomments&post=98461"}],"version-history":[{"count":1,"href":"https:\/\/estado29.mx\/index.php?rest_route=\/wp\/v2\/posts\/98461\/revisions"}],"predecessor-version":[{"id":98463,"href":"https:\/\/estado29.mx\/index.php?rest_route=\/wp\/v2\/posts\/98461\/revisions\/98463"}],"wp:featuredmedia":[{"embeddable":true,"href":"https:\/\/estado29.mx\/index.php?rest_route=\/wp\/v2\/media\/98462"}],"wp:attachment":[{"href":"https:\/\/estado29.mx\/index.php?rest_route=%2Fwp%2Fv2%2Fmedia&parent=98461"}],"wp:term":[{"taxonomy":"category","embeddable":true,"href":"https:\/\/estado29.mx\/index.php?rest_route=%2Fwp%2Fv2%2Fcategories&post=98461"},{"taxonomy":"post_tag","embeddable":true,"href":"https:\/\/estado29.mx\/index.php?rest_route=%2Fwp%2Fv2%2Ftags&post=98461"}],"curies":[{"name":"wp","href":"https:\/\/api.w.org\/{rel}","templated":true}]}}