{"id":98467,"date":"2025-08-26T13:19:52","date_gmt":"2025-08-26T13:19:52","guid":{"rendered":"https:\/\/estado29.mx\/?p=98467"},"modified":"2025-08-26T13:19:53","modified_gmt":"2025-08-26T13:19:53","slug":"acuerdan-los-tres-poderes-una-transicion-pacifica-y-ordenada-en-el-poder-judicial","status":"publish","type":"post","link":"https:\/\/estado29.mx\/?p=98467","title":{"rendered":"Acuerdan los tres poderes una transici\u00f3n pac\u00edfica y ordenada en el poder judicial"},"content":{"rendered":"\n<p><\/p>\n\n\n\n<p>\u2022&nbsp;&nbsp;&nbsp;&nbsp;&nbsp;&nbsp;&nbsp;&nbsp;&nbsp; Gobernadora, y titulares del Congreso local y el Tribunal Superior de Justicia, participan en el encuentro &#8220;Una Nueva Historia de Justicia&#8221;, y ofrecen trabajar en unidad para garantizar el nuevo modelo de justicia en la entidad<\/p>\n\n\n\n<p>La gobernadora Lorena Cu\u00e9llar Cisneros encabez\u00f3 el encuentro \u201cUna nueva historia de Justicia\u201d, donde representantes de los tres poderes del Estado, autoridades municipales y federales, as\u00ed como juezas, jueces y magistrados electos, coincidieron en que en Tlaxcala se ha privilegiado el di\u00e1logo y la colaboraci\u00f3n para garantizar una transici\u00f3n pac\u00edfica y ordenada en el Poder Judicial.<\/p>\n\n\n\n<p>Resultado del trabajo coordinado permanente entre el Gobierno del Estado, el Congreso local y el Tribunal Superior de Justicia, la entrada en vigor de la reforma se da en un ambiente de respeto al marco constitucional que refleja el compromiso de Tlaxcala con el esp\u00edritu de renovaci\u00f3n que impulsa el nuevo modelo de justicia.<\/p>\n\n\n\n<p>Esta postura proyecta un mensaje claro: en Tlaxcala, la transformaci\u00f3n del Poder Judicial es una oportunidad para fortalecer la gobernabilidad y la confianza ciudadana, resaltaron los representantes de los tres poderes en el Estado.<\/p>\n\n\n\n<p>Ante el hecho in\u00e9dito para M\u00e9xico, donde los nuevos magistrados y jueces fueron elegidos mediante voto popular, la&nbsp; gobernadora Lorena Cu\u00e9llar Cisneros subray\u00f3 que esta reforma es un parteaguas democr\u00e1tico que abre una nueva etapa en la vida institucional del pa\u00eds, y ocurre en un Tlaxcala fuerte, con rumbo y resultados, que hoy se consolida como un &#8220;estado confiable y seguro para vivir, trabajar e invertir\u201d.<\/p>\n\n\n\n<p>Todo ello, gracias al trabajo coordinado con los tres poderes y niveles de gobierno, y a la inversiones hist\u00f3ricas en equipamiento, tecnolog\u00eda y capacitaci\u00f3n en materia de seguridad.<\/p>\n\n\n\n<p>Durante su intervenci\u00f3n, Cu\u00e9llar Cisneros hizo el llamado para que la entrega de responsabilidades en el Poder Judicial se realice con \u00e9tica y transparencia, en concordancia con el momento hist\u00f3rico y a la altura de miras que el pueblo tlaxcalteca ha demostrado en este proceso.<\/p>\n\n\n\n<p>A las nuevas juezas, jueces, magistradas y magistrados que iniciar\u00e1n su responsabilidad el pr\u00f3ximo 1 de septiembre, los exhort\u00f3 a honrar la confianza que la ciudadan\u00eda tlaxcalteca deposit\u00f3 en ellos: &#8220;El voto que los trajo aqu\u00ed no es un privilegio, es un mandato. No le fallen a su pueblo\u201d, enfatiz\u00f3.<\/p>\n\n\n\n<p>En su mensaje, la gobernadora resalt\u00f3 los proyectos que consolidan a Tlaxcala como referente nacional: el Polo de Desarrollo para el Bienestar de Huamantla \u2014que atraer\u00e1 500 millones de d\u00f3lares y generar\u00e1 5 mil empleos\u2014, el viaducto de Chiautempan, la Ciudad del Deporte en Apizaco, la Ciudad de la Cultura y el Entretenimiento, y la Ciudad Administrativa.<\/p>\n\n\n\n<p>&nbsp;Asimismo, refrend\u00f3 el compromiso de su administraci\u00f3n para que los nuevos integrantes del Poder Judicial honren su encomienda con cercan\u00eda a la ciudadan\u00eda: \u201cTienen cerca de dos mil 80 d\u00edas para servir a Tlaxcala. Que cada jornada valga la pena y que cada resoluci\u00f3n sea con amor a nuestro estado\u201d.<\/p>\n\n\n\n<p>El encuentro refrend\u00f3 el compromiso de colaboraci\u00f3n entre los tres poderes, donde la gobernadora reconoci\u00f3 al Congreso local por aprobar la reforma que permiti\u00f3 este proceso, y agradeci\u00f3 a magistradas y magistrados salientes por sus a\u00f1os de servicio.<\/p>\n\n\n\n<p>La presidenta del Tribunal Superior de Justicia, Anel Ba\u00f1uelos Meneses, destac\u00f3 el respaldo in\u00e9dito de la mandataria en infraestructura judicial, con la construcci\u00f3n de 14 salas de oralidad, inversi\u00f3n in\u00e9dita en la historia del sistema judicial tlaxcalteca. \u201cNunca antes una mandataria hab\u00eda trabajado tan de cerca con el Poder Judicial en beneficio de la ciudadan\u00eda\u201d, afirm\u00f3.<\/p>\n\n\n\n<p>A su vez, la diputada Lorena Ru\u00edz Garc\u00eda, presidenta del Congreso local, subray\u00f3 que la nueva Ley Org\u00e1nica del Poder Judicial garantiza independencia, transparencia y un modelo humanista de justicia.<\/p>\n\n\n\n<p>El magistrado presidente del Tribunal de Justicia Administrativa, Manuel V\u00e1zquez Conchas, enfatiz\u00f3 que \u201cla justicia se fortalece cuando los tres poderes y \u00f3rdenes de gobierno trabajan unidos\u201d.<\/p>\n\n\n\n<p>En su mensaje de bienvenida, el secretario de Gobierno, Luis Antonio Ram\u00edrez Hern\u00e1ndez, asegur\u00f3 que la gobernabilidad de Tlaxcala se sustenta en la colaboraci\u00f3n institucional y el liderazgo cercano de la gobernadora.<\/p>\n\n\n\n<p>En el encuentro tambi\u00e9n intervinieron la magistrada electa Alejandra C\u00f3setl Flores, quien subray\u00f3 la importancia de la \u00e9tica e imparcialidad en el quehacer jurisdiccional; el alcalde de Tlaxcala, Alfonso S\u00e1nchez Garc\u00eda, quien reconoci\u00f3 la inclusi\u00f3n del Tribunal de Justicia Administrativa y de Conciliaci\u00f3n y Arbitraje en la reforma local, y la fiscal estatal Ernestina Carro Rold\u00e1n, quien destac\u00f3 la creaci\u00f3n de nuevas fiscal\u00edas y \u00e1reas especializadas contra delitos de alto impacto.<\/p>\n\n\n\n<p>Al encuentro asistieron presidentas y presidentes municipales, integrantes del gabinete legal y ampliado, y funcionarios estatales y federales.<\/p>\n","protected":false},"excerpt":{"rendered":"<p>\u2022&nbsp;&nbsp;&nbsp;&nbsp;&nbsp;&nbsp;&nbsp;&nbsp;&nbsp; Gobernadora, y titulares del Congreso local y el Tribunal Superior de Justicia, participan en el encuentro &#8220;Una Nueva Historia de Justicia&#8221;, y ofrecen trabajar en unidad para garantizar el nuevo modelo de justicia en la entidad La gobernadora Lorena Cu\u00e9llar Cisneros encabez\u00f3 el encuentro \u201cUna nueva historia de Justicia\u201d, donde representantes de los tres [&hellip;]<\/p>\n","protected":false},"author":4,"featured_media":98468,"comment_status":"open","ping_status":"open","sticky":false,"template":"","format":"standard","meta":{"om_disable_all_campaigns":false,"_monsterinsights_skip_tracking":false,"_monsterinsights_sitenote_active":false,"_monsterinsights_sitenote_note":"","_monsterinsights_sitenote_category":0,"jnews-multi-image_gallery":[],"jnews_single_post":{"format":"standard"},"jnews_primary_category":[],"footnotes":""},"categories":[1],"tags":[],"class_list":["post-98467","post","type-post","status-publish","format-standard","has-post-thumbnail","hentry","category-uncategorized"],"aioseo_notices":[],"_links":{"self":[{"href":"https:\/\/estado29.mx\/index.php?rest_route=\/wp\/v2\/posts\/98467","targetHints":{"allow":["GET"]}}],"collection":[{"href":"https:\/\/estado29.mx\/index.php?rest_route=\/wp\/v2\/posts"}],"about":[{"href":"https:\/\/estado29.mx\/index.php?rest_route=\/wp\/v2\/types\/post"}],"author":[{"embeddable":true,"href":"https:\/\/estado29.mx\/index.php?rest_route=\/wp\/v2\/users\/4"}],"replies":[{"embeddable":true,"href":"https:\/\/estado29.mx\/index.php?rest_route=%2Fwp%2Fv2%2Fcomments&post=98467"}],"version-history":[{"count":1,"href":"https:\/\/estado29.mx\/index.php?rest_route=\/wp\/v2\/posts\/98467\/revisions"}],"predecessor-version":[{"id":98469,"href":"https:\/\/estado29.mx\/index.php?rest_route=\/wp\/v2\/posts\/98467\/revisions\/98469"}],"wp:featuredmedia":[{"embeddable":true,"href":"https:\/\/estado29.mx\/index.php?rest_route=\/wp\/v2\/media\/98468"}],"wp:attachment":[{"href":"https:\/\/estado29.mx\/index.php?rest_route=%2Fwp%2Fv2%2Fmedia&parent=98467"}],"wp:term":[{"taxonomy":"category","embeddable":true,"href":"https:\/\/estado29.mx\/index.php?rest_route=%2Fwp%2Fv2%2Fcategories&post=98467"},{"taxonomy":"post_tag","embeddable":true,"href":"https:\/\/estado29.mx\/index.php?rest_route=%2Fwp%2Fv2%2Ftags&post=98467"}],"curies":[{"name":"wp","href":"https:\/\/api.w.org\/{rel}","templated":true}]}}