{"id":98476,"date":"2025-08-26T13:27:29","date_gmt":"2025-08-26T13:27:29","guid":{"rendered":"https:\/\/estado29.mx\/?p=98476"},"modified":"2025-08-26T13:27:30","modified_gmt":"2025-08-26T13:27:30","slug":"tlaxcala-sede-del-4-congreso-de-educacion-iberoamericano-kaanbal-2025","status":"publish","type":"post","link":"https:\/\/estado29.mx\/?p=98476","title":{"rendered":"Tlaxcala, sede del\u00a0 4\u00b0 congreso de educaci\u00f3n iberoamericano Kaanbal 2025"},"content":{"rendered":"\n<p><\/p>\n\n\n\n<p>\u2022&nbsp;&nbsp;&nbsp;&nbsp;&nbsp;&nbsp;&nbsp;&nbsp;&nbsp; Este 25 y 26 de agosto, la Universidad Polit\u00e9cnica de Tlaxcala abre sus puertas para recibir por primera vez este encuentro acad\u00e9mico que re\u00fane a especialistas, docentes y comunidad acad\u00e9mica de todo el pa\u00eds y el continente<\/p>\n\n\n\n<p>Por primera vez, el Congreso de Educaci\u00f3n Iberoamericano Kaanbal 2025 se realiza en Tlaxcala, consolidando al estado como punto de encuentro nacional e internacional para el intercambio de conocimientos, innovaci\u00f3n y reflexi\u00f3n en torno a la educaci\u00f3n tecnol\u00f3gica.<\/p>\n\n\n\n<p>Este encuentro, que se ha desarrollado durante los \u00faltimos cuatro a\u00f1os en Yucat\u00e1n, llega a la Universidad Polit\u00e9cnica de Tlaxcala (UPTx), instituci\u00f3n anfitriona que este 25 y 26 de agosto abre sus puertas para recibir a especialistas, docentes y comunidad acad\u00e9mica de todo el pa\u00eds y continente.<\/p>\n\n\n\n<p>La inauguraci\u00f3n estuvo encabezada por autoridades educativas del estado, quienes destacaron que el Congreso Kaanbal 2025 -cuyo nombre en lengua maya significa aprender- busca capacitar a los docentes en nuevas competencias que van desde el mantenimiento industrial y el modelo educativo de universidades tecnol\u00f3gicas, hasta la gesti\u00f3n de las emociones y el uso de herramientas digitales.<\/p>\n\n\n\n<p>Rosal\u00eda Nalleli P\u00e9rez Estrada, rectora de la UPTx, se\u00f1al\u00f3 que el Congreso contribuye a fortalecer el perfil de los docentes, y a consolidar el prestigio de la instituci\u00f3n, en sinton\u00eda con la encomienda de la gobernadora Lorena Cu\u00e9llar de trabajar de manera conjunta en beneficio de la educaci\u00f3n superior de Tlaxcala.<\/p>\n\n\n\n<p>\u201cLa caracter\u00edstica del Congreso Kaanbal 2025 es presentar avances de la educaci\u00f3n desde sus diferentes vertientes, y hoy incluye la parte tecnol\u00f3gica, por lo que con este encuentro complementamos y actualizamos el perfil de nuestros docentes para contribuir a su competitividad y que esto fortalezca la formaci\u00f3n de estudiantes\u201d, afirm\u00f3.<\/p>\n\n\n\n<p>En su oportunidad, Carla Patricia Gruintal Lugo, directora Centro de Investigaci\u00f3n Educativa y Capacitaci\u00f3n Institucional (Cieci), reconoci\u00f3 a la UPTx como una aliada estrat\u00e9gica, y subray\u00f3 que el Congreso representa \u201cun espacio para aprender juntos, transformar y repensar la educaci\u00f3n en un mundo que exige respuestas y resultados\u201d.<\/p>\n\n\n\n<p>En representaci\u00f3n de la Secretar\u00eda de Educaci\u00f3n P\u00fablica del Estado (SEPE), la directora de Educaci\u00f3n Terminal, Rosa Isela Garc\u00eda Herrera, destac\u00f3 que este tipo de foros son un semillero de reflexi\u00f3n y an\u00e1lisis para atender los retos educativos actuales, donde los docentes juegan un papel esencial al vincular el conocimiento con las necesidades de la sociedad.<\/p>\n\n\n\n<p>El 4\u00ba Congreso Kaanbal Tlaxcala 2025 contempla conferencias magistrales, talleres y mesas de trabajo con especialistas como el Dr. Juan de Dios Pineda Guadarrama, encargado de la primera ponencia con el tema \u201cEl Estado del Arte de la Educaci\u00f3n en un Mundo Global\u201d.<\/p>\n\n\n\n<p>Durante dos d\u00edas, el programa del Congreso contempla las conferencias: \u201cEmociones y responsabilidad docente\u201d a cargo de la Dra. Silvia Miracy Pastro, de la Universidad Santa Mar\u00eda Rio Grande, de Brasil; \u201cProyectos socio-cr\u00edticos en educaci\u00f3n superior\u201d, de la maestra Patricia Flora Ruiz del Cieci; \u201cC\u00f3mo implementar la Inteligencia Artificial en la educaci\u00f3n superior\u201d, por parte del Dr. Marco Antonio Morales Caporal de la Uptx; \u201cEl desaf\u00edo de la evaluaci\u00f3n aut\u00e9ntica\u201d, de la Dra. Carla Patricia Gruintal Lugo, directora del Cieci; \u201cPoyectos Socio formativos e Inteligencia Artificial\u201d, a cargo del Dr. Sergio de Jes\u00fas Tob\u00f3n Tob\u00f3n, del Centro Universitario CIFE de Colombia, entre otras.<\/p>\n\n\n\n<p>Con esta edici\u00f3n del Congreso de Educaci\u00f3n Iberoamericano Kaanbal 2025, Tlaxcala refuerza su papel en la construcci\u00f3n de propuestas innovadoras para una educaci\u00f3n pertinente, competitiva y al servicio de los estudiantes.<\/p>\n","protected":false},"excerpt":{"rendered":"<p>\u2022&nbsp;&nbsp;&nbsp;&nbsp;&nbsp;&nbsp;&nbsp;&nbsp;&nbsp; Este 25 y 26 de agosto, la Universidad Polit\u00e9cnica de Tlaxcala abre sus puertas para recibir por primera vez este encuentro acad\u00e9mico que re\u00fane a especialistas, docentes y comunidad acad\u00e9mica de todo el pa\u00eds y el continente Por primera vez, el Congreso de Educaci\u00f3n Iberoamericano Kaanbal 2025 se realiza en Tlaxcala, consolidando al estado [&hellip;]<\/p>\n","protected":false},"author":4,"featured_media":98477,"comment_status":"open","ping_status":"open","sticky":false,"template":"","format":"standard","meta":{"om_disable_all_campaigns":false,"_monsterinsights_skip_tracking":false,"_monsterinsights_sitenote_active":false,"_monsterinsights_sitenote_note":"","_monsterinsights_sitenote_category":0,"jnews-multi-image_gallery":[],"jnews_single_post":{"format":"standard"},"jnews_primary_category":[],"footnotes":""},"categories":[1],"tags":[],"class_list":["post-98476","post","type-post","status-publish","format-standard","has-post-thumbnail","hentry","category-uncategorized"],"aioseo_notices":[],"_links":{"self":[{"href":"https:\/\/estado29.mx\/index.php?rest_route=\/wp\/v2\/posts\/98476","targetHints":{"allow":["GET"]}}],"collection":[{"href":"https:\/\/estado29.mx\/index.php?rest_route=\/wp\/v2\/posts"}],"about":[{"href":"https:\/\/estado29.mx\/index.php?rest_route=\/wp\/v2\/types\/post"}],"author":[{"embeddable":true,"href":"https:\/\/estado29.mx\/index.php?rest_route=\/wp\/v2\/users\/4"}],"replies":[{"embeddable":true,"href":"https:\/\/estado29.mx\/index.php?rest_route=%2Fwp%2Fv2%2Fcomments&post=98476"}],"version-history":[{"count":1,"href":"https:\/\/estado29.mx\/index.php?rest_route=\/wp\/v2\/posts\/98476\/revisions"}],"predecessor-version":[{"id":98478,"href":"https:\/\/estado29.mx\/index.php?rest_route=\/wp\/v2\/posts\/98476\/revisions\/98478"}],"wp:featuredmedia":[{"embeddable":true,"href":"https:\/\/estado29.mx\/index.php?rest_route=\/wp\/v2\/media\/98477"}],"wp:attachment":[{"href":"https:\/\/estado29.mx\/index.php?rest_route=%2Fwp%2Fv2%2Fmedia&parent=98476"}],"wp:term":[{"taxonomy":"category","embeddable":true,"href":"https:\/\/estado29.mx\/index.php?rest_route=%2Fwp%2Fv2%2Fcategories&post=98476"},{"taxonomy":"post_tag","embeddable":true,"href":"https:\/\/estado29.mx\/index.php?rest_route=%2Fwp%2Fv2%2Ftags&post=98476"}],"curies":[{"name":"wp","href":"https:\/\/api.w.org\/{rel}","templated":true}]}}