{"id":98479,"date":"2025-08-26T13:30:23","date_gmt":"2025-08-26T13:30:23","guid":{"rendered":"https:\/\/estado29.mx\/?p=98479"},"modified":"2025-08-26T13:30:25","modified_gmt":"2025-08-26T13:30:25","slug":"secretaria-de-cultura-anuncia-ampliacion-de-convocatoria-para-premios-de-artes-visuales-tlaxcala-2025","status":"publish","type":"post","link":"https:\/\/estado29.mx\/?p=98479","title":{"rendered":"Secretar\u00eda de cultura anuncia ampliaci\u00f3n de convocatoria para premios de artes visuales Tlaxcala 2025"},"content":{"rendered":"\n<p><\/p>\n\n\n\n<p>\u2022&nbsp;&nbsp;&nbsp;&nbsp;&nbsp;&nbsp;&nbsp;&nbsp;&nbsp; A fin de que m\u00e1s artistas locales puedan participar en este certamen, en el marco de la conmemoraci\u00f3n de los 500 a\u00f1os de la fundaci\u00f3n de la ciudad de Tlaxcala<\/p>\n\n\n\n<p>La Secretar\u00eda de Cultura de Tlaxcala (SC) anunci\u00f3 la ampliaci\u00f3n de la convocatoria de los Premios Estatales de Artes Visuales Tlaxcala 2025 hasta el pr\u00f3ximo 28 de agosto, con el objetivo de que m\u00e1s artistas locales puedan participar en este certamen que se enmarca en la conmemoraci\u00f3n de los 500 a\u00f1os de la fundaci\u00f3n de la ciudad de Tlaxcala.<\/p>\n\n\n\n<p>La titular de la dependencia, Karen Villeda, explic\u00f3 que este concurso busca visibilizar el talento art\u00edstico de la entidad y enriquecer el patrimonio cultural con obras que destaquen la memoria, la historia y la identidad tlaxcalteca.<\/p>\n\n\n\n<p>\u201cLos premios Estatales de Artes Visuales Tlaxcala 2025 se han convertido en una plataforma que reconoce y estimula la creaci\u00f3n pl\u00e1stica y visual contempor\u00e1nea en Tlaxcala\u201d, afirm\u00f3.<\/p>\n\n\n\n<p>Bajo el tema \u201cMemorias de Tiempos Futuros\u201d, la edici\u00f3n 2025 convoca a artistas a reflexionar e imaginar el porvenir desde una perspectiva \u00edntima, colectiva o simb\u00f3lica, con el prop\u00f3sito de abrir un espacio de di\u00e1logo que proyecte nuevas miradas y fortalezca el v\u00ednculo entre memoria e identidad cultural.<\/p>\n\n\n\n<p>Las disciplinas que contempla son pintura, dibujo, grabado, fotograf\u00eda y escultura. En cada una de ellas se entregar\u00e1n premios al primer lugar con 33 mil pesos y diploma, y al segundo lugar con 15 mil pesos y diploma, adem\u00e1s de integrar las piezas ganadoras al acervo art\u00edstico estatal. Podr\u00e1n participar artistas originarios de Tlaxcala o residentes en el estado, con obra in\u00e9dita y original.<\/p>\n\n\n\n<p>La recepci\u00f3n de trabajos se realiza en las oficinas de la Direcci\u00f3n de Ense\u00f1anza Art\u00edstica del Centro de las Artes Tlaxcala. Para m\u00e1s informaci\u00f3n, las y los interesados pueden comunicarse al tel\u00e9fono 241 418 8960, extensi\u00f3n 154, escribir al correo electr\u00f3nico premiostlax@gmail.com, o consultar las bases completas en el portal oficial: www.culturatlaxcala.com.mx.<\/p>\n","protected":false},"excerpt":{"rendered":"<p>\u2022&nbsp;&nbsp;&nbsp;&nbsp;&nbsp;&nbsp;&nbsp;&nbsp;&nbsp; A fin de que m\u00e1s artistas locales puedan participar en este certamen, en el marco de la conmemoraci\u00f3n de los 500 a\u00f1os de la fundaci\u00f3n de la ciudad de Tlaxcala La Secretar\u00eda de Cultura de Tlaxcala (SC) anunci\u00f3 la ampliaci\u00f3n de la convocatoria de los Premios Estatales de Artes Visuales Tlaxcala 2025 hasta el [&hellip;]<\/p>\n","protected":false},"author":4,"featured_media":98480,"comment_status":"open","ping_status":"open","sticky":false,"template":"","format":"standard","meta":{"om_disable_all_campaigns":false,"_monsterinsights_skip_tracking":false,"_monsterinsights_sitenote_active":false,"_monsterinsights_sitenote_note":"","_monsterinsights_sitenote_category":0,"jnews-multi-image_gallery":[],"jnews_single_post":{"format":"standard"},"jnews_primary_category":[],"footnotes":""},"categories":[1],"tags":[],"class_list":["post-98479","post","type-post","status-publish","format-standard","has-post-thumbnail","hentry","category-uncategorized"],"aioseo_notices":[],"_links":{"self":[{"href":"https:\/\/estado29.mx\/index.php?rest_route=\/wp\/v2\/posts\/98479","targetHints":{"allow":["GET"]}}],"collection":[{"href":"https:\/\/estado29.mx\/index.php?rest_route=\/wp\/v2\/posts"}],"about":[{"href":"https:\/\/estado29.mx\/index.php?rest_route=\/wp\/v2\/types\/post"}],"author":[{"embeddable":true,"href":"https:\/\/estado29.mx\/index.php?rest_route=\/wp\/v2\/users\/4"}],"replies":[{"embeddable":true,"href":"https:\/\/estado29.mx\/index.php?rest_route=%2Fwp%2Fv2%2Fcomments&post=98479"}],"version-history":[{"count":1,"href":"https:\/\/estado29.mx\/index.php?rest_route=\/wp\/v2\/posts\/98479\/revisions"}],"predecessor-version":[{"id":98481,"href":"https:\/\/estado29.mx\/index.php?rest_route=\/wp\/v2\/posts\/98479\/revisions\/98481"}],"wp:featuredmedia":[{"embeddable":true,"href":"https:\/\/estado29.mx\/index.php?rest_route=\/wp\/v2\/media\/98480"}],"wp:attachment":[{"href":"https:\/\/estado29.mx\/index.php?rest_route=%2Fwp%2Fv2%2Fmedia&parent=98479"}],"wp:term":[{"taxonomy":"category","embeddable":true,"href":"https:\/\/estado29.mx\/index.php?rest_route=%2Fwp%2Fv2%2Fcategories&post=98479"},{"taxonomy":"post_tag","embeddable":true,"href":"https:\/\/estado29.mx\/index.php?rest_route=%2Fwp%2Fv2%2Ftags&post=98479"}],"curies":[{"name":"wp","href":"https:\/\/api.w.org\/{rel}","templated":true}]}}