{"id":98490,"date":"2025-08-27T03:32:29","date_gmt":"2025-08-27T03:32:29","guid":{"rendered":"https:\/\/estado29.mx\/?p=98490"},"modified":"2025-08-27T03:32:30","modified_gmt":"2025-08-27T03:32:30","slug":"choque-entre-vehiculo-y-unidad-pesada-deja-al-menos-dos-lesionados-en-cuapiaxtla","status":"publish","type":"post","link":"https:\/\/estado29.mx\/?p=98490","title":{"rendered":"Choque entre veh\u00edculo y unidad pesada deja al menos dos lesionados en Cuapiaxtla."},"content":{"rendered":"\n<p>Durante la madrugada de este martes, se registr\u00f3 un percance vehicular entre dos unidades, se trata de un veh\u00edculo clio y un tractocami\u00f3n.<\/p>\n\n\n\n<p>Fue sobre carretera carretera M\u00e9xico &#8211; Veracruz a la altura de la comunidad de Plan de Ayala en Cuapiaxtla, que se registr\u00f3 este percance, dejando m\u00faltiple da\u00f1os materiales.<\/p>\n\n\n\n<p>A pesar de que no se conoce la cronolog\u00eda de los hechos de manera precisa, la unidad pesada qued\u00f3 volcada, mientras que el veh\u00edculo compacto pr\u00e1cticamente deshecho.<\/p>\n\n\n\n<p>Derivado del percance param\u00e9dicos brindaron atenci\u00f3n a los lesionados, mientras que elementos de la Guardia Nacional abander\u00f3 la zona y de encargo de retirar ambas unidades con el objetivo de fincar y deslindar responsabilidades.<\/p>\n","protected":false},"excerpt":{"rendered":"<p>Durante la madrugada de este martes, se registr\u00f3 un percance vehicular entre dos unidades, se trata de un veh\u00edculo clio y un tractocami\u00f3n. Fue sobre carretera carretera M\u00e9xico &#8211; Veracruz a la altura de la comunidad de Plan de Ayala en Cuapiaxtla, que se registr\u00f3 este percance, dejando m\u00faltiple da\u00f1os materiales. A pesar de que [&hellip;]<\/p>\n","protected":false},"author":5,"featured_media":98491,"comment_status":"open","ping_status":"open","sticky":false,"template":"","format":"standard","meta":{"om_disable_all_campaigns":false,"_monsterinsights_skip_tracking":false,"_monsterinsights_sitenote_active":false,"_monsterinsights_sitenote_note":"","_monsterinsights_sitenote_category":0,"jnews-multi-image_gallery":[],"jnews_single_post":{"format":"standard"},"jnews_primary_category":[],"footnotes":""},"categories":[1],"tags":[],"class_list":["post-98490","post","type-post","status-publish","format-standard","has-post-thumbnail","hentry","category-uncategorized"],"aioseo_notices":[],"_links":{"self":[{"href":"https:\/\/estado29.mx\/index.php?rest_route=\/wp\/v2\/posts\/98490","targetHints":{"allow":["GET"]}}],"collection":[{"href":"https:\/\/estado29.mx\/index.php?rest_route=\/wp\/v2\/posts"}],"about":[{"href":"https:\/\/estado29.mx\/index.php?rest_route=\/wp\/v2\/types\/post"}],"author":[{"embeddable":true,"href":"https:\/\/estado29.mx\/index.php?rest_route=\/wp\/v2\/users\/5"}],"replies":[{"embeddable":true,"href":"https:\/\/estado29.mx\/index.php?rest_route=%2Fwp%2Fv2%2Fcomments&post=98490"}],"version-history":[{"count":1,"href":"https:\/\/estado29.mx\/index.php?rest_route=\/wp\/v2\/posts\/98490\/revisions"}],"predecessor-version":[{"id":98492,"href":"https:\/\/estado29.mx\/index.php?rest_route=\/wp\/v2\/posts\/98490\/revisions\/98492"}],"wp:featuredmedia":[{"embeddable":true,"href":"https:\/\/estado29.mx\/index.php?rest_route=\/wp\/v2\/media\/98491"}],"wp:attachment":[{"href":"https:\/\/estado29.mx\/index.php?rest_route=%2Fwp%2Fv2%2Fmedia&parent=98490"}],"wp:term":[{"taxonomy":"category","embeddable":true,"href":"https:\/\/estado29.mx\/index.php?rest_route=%2Fwp%2Fv2%2Fcategories&post=98490"},{"taxonomy":"post_tag","embeddable":true,"href":"https:\/\/estado29.mx\/index.php?rest_route=%2Fwp%2Fv2%2Ftags&post=98490"}],"curies":[{"name":"wp","href":"https:\/\/api.w.org\/{rel}","templated":true}]}}