{"id":98496,"date":"2025-08-27T13:17:59","date_gmt":"2025-08-27T13:17:59","guid":{"rendered":"https:\/\/estado29.mx\/?p=98496"},"modified":"2025-08-27T13:18:00","modified_gmt":"2025-08-27T13:18:00","slug":"tlaxcala-participa-en-el-gabinete-metropolitano-de-busqueda-de-personas-desaparecidas-en-la-cdmx","status":"publish","type":"post","link":"https:\/\/estado29.mx\/?p=98496","title":{"rendered":"Tlaxcala participa en el gabinete metropolitano de b\u00fasqueda de personas desaparecidas en la CDMX"},"content":{"rendered":"\n<p><\/p>\n\n\n\n<p>*Presentaron los cinco ejes que colocan a la entidad a la vanguardia en la materia, como el monitoreo en tiempo real, la identificaci\u00f3n cient\u00edfica y operativos de campo con nuevas tecnolog\u00edas<\/p>\n\n\n\n<p>Tlaxcala se consolida como referente en la atenci\u00f3n y b\u00fasqueda de personas desaparecidas, gracias a la implementaci\u00f3n de protocolos homologados, tecnolog\u00eda innovadora y una coordinaci\u00f3n interinstitucional que fortalece los resultados, afirm\u00f3 el secretario de Gobierno, Luis Antonio Ram\u00edrez Hern\u00e1ndez.<\/p>\n\n\n\n<p>Durante su participaci\u00f3n en el Gabinete Metropolitano de B\u00fasqueda de Personas Desaparecidas celebrado en el Colegio de San Ildefonso en la Ciudad de M\u00e9xico, en representaci\u00f3n de la gobernadora Lorena Cu\u00e9llar Cisneros, Ram\u00edrez Hern\u00e1ndez subray\u00f3 que en Tlaxcala la b\u00fasqueda se asume como \u201cun deber ineludible del Estado y una prioridad de humanidad\u201d, con la convicci\u00f3n de no escatimar recursos ante una de las problem\u00e1ticas m\u00e1s sensibles del pa\u00eds.<\/p>\n\n\n\n<p>El funcionario detall\u00f3 los cinco ejes que han colocado a la entidad a la vanguardia nacional: la homologaci\u00f3n de protocolos y registros inmediatos en el Registro Nacional de Personas Desaparecidas y No Localizadas de la Secretar\u00eda de Gobernaci\u00f3n con formatos unificados y aplicaci\u00f3n sistem\u00e1tica de protocolos de b\u00fasqueda inmediata e individualizada; la prevenci\u00f3n y monitoreo en tiempo real con apoyo del 9-1-1, C2 municipales y el Banco Nacional de Datos e Informaci\u00f3n sobre Casos de Violencia contra las Mujeres (Banavim) para proteger a personas en situaci\u00f3n de vulnerabilidad.<\/p>\n\n\n\n<p>Tambi\u00e9n, la identificaci\u00f3n humana con rigor cient\u00edfico, mediante bases biom\u00e9tricas y gen\u00e9ticas para fortalecer el cotejo gen\u00e9tico y antropol\u00f3gico; operativos de campo con uso de drones y apoyo de instituciones de seguridad y protecci\u00f3n civil; la atenci\u00f3n integral a personas localizadas, a trav\u00e9s de las Cl\u00ednicas de las Emociones, y el trabajo coordinado en carpetas de investigaci\u00f3n junto a la Fiscal\u00eda Especializada en B\u00fasqueda de Personas, la Fiscal\u00eda General de la Rep\u00fablica y la Comisi\u00f3n Nacional de B\u00fasqueda.<\/p>\n\n\n\n<p>\u201cCada herramienta, protocolo y colaboraci\u00f3n emprendida en Tlaxcala es un paso, no solo por nuestra gente, sino por M\u00e9xico, porque cuando una persona desaparece se rompe el tejido de una familia y de toda una comunidad\u201d, expres\u00f3.<\/p>\n\n\n\n<p>Finalmente, Ram\u00edrez Hern\u00e1ndez asegur\u00f3 que, bajo el liderazgo de la gobernadora Lorena Cu\u00e9llar, Tlaxcala mantendr\u00e1 su compromiso de fortalecer una b\u00fasqueda m\u00e1s humana, sensible y eficaz, coloc\u00e1ndose como ejemplo de coordinaci\u00f3n nacional en esta materia.<\/p>\n\n\n\n<p>Participaron en el Gabinete Metropolitano de B\u00fasqueda de Personas Desaparecidas autoridades del Gobierno de la Ciudad de M\u00e9xico, de la Fiscal\u00eda General de la Rep\u00fablica (FGR), de la Secretar\u00eda de Gobernaci\u00f3n y representantes de los gobiernos estatales de Morelos, Hidalgo, Estado de M\u00e9xico, Puebla, Quer\u00e9taro y Tlaxcala.<\/p>\n","protected":false},"excerpt":{"rendered":"<p>*Presentaron los cinco ejes que colocan a la entidad a la vanguardia en la materia, como el monitoreo en tiempo real, la identificaci\u00f3n cient\u00edfica y operativos de campo con nuevas tecnolog\u00edas Tlaxcala se consolida como referente en la atenci\u00f3n y b\u00fasqueda de personas desaparecidas, gracias a la implementaci\u00f3n de protocolos homologados, tecnolog\u00eda innovadora y una [&hellip;]<\/p>\n","protected":false},"author":4,"featured_media":98497,"comment_status":"open","ping_status":"open","sticky":false,"template":"","format":"standard","meta":{"om_disable_all_campaigns":false,"_monsterinsights_skip_tracking":false,"_monsterinsights_sitenote_active":false,"_monsterinsights_sitenote_note":"","_monsterinsights_sitenote_category":0,"jnews-multi-image_gallery":[],"jnews_single_post":{"format":"standard"},"jnews_primary_category":[],"footnotes":""},"categories":[1],"tags":[],"class_list":["post-98496","post","type-post","status-publish","format-standard","has-post-thumbnail","hentry","category-uncategorized"],"aioseo_notices":[],"_links":{"self":[{"href":"https:\/\/estado29.mx\/index.php?rest_route=\/wp\/v2\/posts\/98496","targetHints":{"allow":["GET"]}}],"collection":[{"href":"https:\/\/estado29.mx\/index.php?rest_route=\/wp\/v2\/posts"}],"about":[{"href":"https:\/\/estado29.mx\/index.php?rest_route=\/wp\/v2\/types\/post"}],"author":[{"embeddable":true,"href":"https:\/\/estado29.mx\/index.php?rest_route=\/wp\/v2\/users\/4"}],"replies":[{"embeddable":true,"href":"https:\/\/estado29.mx\/index.php?rest_route=%2Fwp%2Fv2%2Fcomments&post=98496"}],"version-history":[{"count":1,"href":"https:\/\/estado29.mx\/index.php?rest_route=\/wp\/v2\/posts\/98496\/revisions"}],"predecessor-version":[{"id":98498,"href":"https:\/\/estado29.mx\/index.php?rest_route=\/wp\/v2\/posts\/98496\/revisions\/98498"}],"wp:featuredmedia":[{"embeddable":true,"href":"https:\/\/estado29.mx\/index.php?rest_route=\/wp\/v2\/media\/98497"}],"wp:attachment":[{"href":"https:\/\/estado29.mx\/index.php?rest_route=%2Fwp%2Fv2%2Fmedia&parent=98496"}],"wp:term":[{"taxonomy":"category","embeddable":true,"href":"https:\/\/estado29.mx\/index.php?rest_route=%2Fwp%2Fv2%2Fcategories&post=98496"},{"taxonomy":"post_tag","embeddable":true,"href":"https:\/\/estado29.mx\/index.php?rest_route=%2Fwp%2Fv2%2Ftags&post=98496"}],"curies":[{"name":"wp","href":"https:\/\/api.w.org\/{rel}","templated":true}]}}