{"id":98499,"date":"2025-08-27T13:19:46","date_gmt":"2025-08-27T13:19:46","guid":{"rendered":"https:\/\/estado29.mx\/?p=98499"},"modified":"2025-08-27T13:19:47","modified_gmt":"2025-08-27T13:19:47","slug":"presenta-sepe-uset-plataforma-de-alertas-para-dar-atencion-inmediata-a-casos-de-violencia-escolar","status":"publish","type":"post","link":"https:\/\/estado29.mx\/?p=98499","title":{"rendered":"\u00a0Presenta SEPE-USET plataforma de alertas para dar atenci\u00f3n inmediata a casos de violencia escolar"},"content":{"rendered":"\n<p><\/p>\n\n\n\n<p>\u2022&nbsp;&nbsp;&nbsp;&nbsp;&nbsp;&nbsp;&nbsp;&nbsp;&nbsp; Se busca garantizar una respuesta oportuna y respetuosa conforme a los lineamientos institucionales establecidos para la atenci\u00f3n de situaciones sensibles<\/p>\n\n\n\n<p>El secretario de Educaci\u00f3n P\u00fablica del estado, Homero Meneses Hern\u00e1ndez, encabez\u00f3 la presentaci\u00f3n de la Plataforma del Sistema de Alertas para el Bienestar Escolar (SABE), herramienta tecnol\u00f3gica que permitir\u00e1 el registro, seguimiento y atenci\u00f3n inmediata de casos de violencia escolar, as\u00ed como la atenci\u00f3n de mil 971 directivos de escuelas p\u00fablicas y privadas de los niveles preescolar, primaria, secundaria y bachillerato.<\/p>\n\n\n\n<p>En rueda de prensa, Meneses Hern\u00e1ndez destac\u00f3 que el SABE representa un paso decisivo en la construcci\u00f3n de entornos escolares seguros, ya que agilizar\u00e1 los procesos de atenci\u00f3n y brindar\u00e1 certeza a la comunidad educativa al contar con un mecanismo confiable, transparente y accesible para toda la estructura educativa.<\/p>\n\n\n\n<p>En este sentido, la jefa del Departamento de Formaci\u00f3n Continua para Docentes y Directivos de la Secretar\u00eda de Educaci\u00f3n P\u00fablica del Estado y de la Unidad de Servicios Educativos de Tlaxcala (SEPE-USET), Adriana Carro Olvera, subray\u00f3 que se realizar\u00e1 el taller para la implementaci\u00f3n de la plataforma SABE de manera virtual, del 1 al 19 de septiembre de 2025, con una duraci\u00f3n de 20 horas.<\/p>\n\n\n\n<p>En presencia de directivos, jefes de departamentos y coordinadores de SEPE-USET, as\u00ed como de representantes de los diversos subsistemas de educaci\u00f3n media superior, la titular de la Unidad de G\u00e9nero y Cultura de Paz, Evelyn Ram\u00edrez Herrera, detall\u00f3 que esta herramienta se sustenta en 15 protocolos dise\u00f1ados con enfoque de derechos humanos e igualdad de g\u00e9nero, fomentando una cultura de paz y asegurando los derechos de ni\u00f1as, ni\u00f1os, adolescentes y j\u00f3venes.<\/p>\n\n\n\n<p>Precis\u00f3 que el SABE funciona con algoritmos donados por el gobierno de Bogot\u00e1, Colombia, lo que fortalece su eficacia y confiabilidad, y busca aplicar los protocolos de prevenci\u00f3n, detecci\u00f3n y actuaci\u00f3n en casos de violencia escolar, adem\u00e1s de acompa\u00f1arse de una oferta formativa que ser\u00e1 implementada a partir del pr\u00f3ximo ciclo escolar.<\/p>\n\n\n\n<p>Asimismo, expuso que los Protocolos de Prevenci\u00f3n, Detecci\u00f3n y Actuaci\u00f3n ante situaciones de violencia se encuentran en proceso de revisi\u00f3n y mejora continua, y que su actualizaci\u00f3n se realizar\u00e1 de manera permanente, con base en la aplicaci\u00f3n cotidiana y las experiencias obtenidas mediante procesos de retroalimentaci\u00f3n.<\/p>\n\n\n\n<p>La plataforma contempla protocolos que atienden problem\u00e1ticas como: hostigamiento, acoso escolar y ciberacoso; autolesiones y conducta suicida; maltrato escolar; abuso sexual infantil; embarazo en adolescentes; trata de personas; discriminaci\u00f3n; portaci\u00f3n de armas o drogas; accidentes y robos en escuelas; violencia contra maestras y maestros; extorsi\u00f3n, as\u00ed como acoso y hostigamiento sexual en funcionarios y servidores p\u00fablicos.<\/p>\n","protected":false},"excerpt":{"rendered":"<p>\u2022&nbsp;&nbsp;&nbsp;&nbsp;&nbsp;&nbsp;&nbsp;&nbsp;&nbsp; Se busca garantizar una respuesta oportuna y respetuosa conforme a los lineamientos institucionales establecidos para la atenci\u00f3n de situaciones sensibles El secretario de Educaci\u00f3n P\u00fablica del estado, Homero Meneses Hern\u00e1ndez, encabez\u00f3 la presentaci\u00f3n de la Plataforma del Sistema de Alertas para el Bienestar Escolar (SABE), herramienta tecnol\u00f3gica que permitir\u00e1 el registro, seguimiento y atenci\u00f3n [&hellip;]<\/p>\n","protected":false},"author":4,"featured_media":98500,"comment_status":"open","ping_status":"open","sticky":false,"template":"","format":"standard","meta":{"om_disable_all_campaigns":false,"_monsterinsights_skip_tracking":false,"_monsterinsights_sitenote_active":false,"_monsterinsights_sitenote_note":"","_monsterinsights_sitenote_category":0,"jnews-multi-image_gallery":[],"jnews_single_post":{"format":"standard"},"jnews_primary_category":[],"footnotes":""},"categories":[1],"tags":[],"class_list":["post-98499","post","type-post","status-publish","format-standard","has-post-thumbnail","hentry","category-uncategorized"],"aioseo_notices":[],"_links":{"self":[{"href":"https:\/\/estado29.mx\/index.php?rest_route=\/wp\/v2\/posts\/98499","targetHints":{"allow":["GET"]}}],"collection":[{"href":"https:\/\/estado29.mx\/index.php?rest_route=\/wp\/v2\/posts"}],"about":[{"href":"https:\/\/estado29.mx\/index.php?rest_route=\/wp\/v2\/types\/post"}],"author":[{"embeddable":true,"href":"https:\/\/estado29.mx\/index.php?rest_route=\/wp\/v2\/users\/4"}],"replies":[{"embeddable":true,"href":"https:\/\/estado29.mx\/index.php?rest_route=%2Fwp%2Fv2%2Fcomments&post=98499"}],"version-history":[{"count":1,"href":"https:\/\/estado29.mx\/index.php?rest_route=\/wp\/v2\/posts\/98499\/revisions"}],"predecessor-version":[{"id":98501,"href":"https:\/\/estado29.mx\/index.php?rest_route=\/wp\/v2\/posts\/98499\/revisions\/98501"}],"wp:featuredmedia":[{"embeddable":true,"href":"https:\/\/estado29.mx\/index.php?rest_route=\/wp\/v2\/media\/98500"}],"wp:attachment":[{"href":"https:\/\/estado29.mx\/index.php?rest_route=%2Fwp%2Fv2%2Fmedia&parent=98499"}],"wp:term":[{"taxonomy":"category","embeddable":true,"href":"https:\/\/estado29.mx\/index.php?rest_route=%2Fwp%2Fv2%2Fcategories&post=98499"},{"taxonomy":"post_tag","embeddable":true,"href":"https:\/\/estado29.mx\/index.php?rest_route=%2Fwp%2Fv2%2Ftags&post=98499"}],"curies":[{"name":"wp","href":"https:\/\/api.w.org\/{rel}","templated":true}]}}