{"id":98537,"date":"2025-08-27T23:33:57","date_gmt":"2025-08-27T23:33:57","guid":{"rendered":"https:\/\/estado29.mx\/?p=98537"},"modified":"2025-08-27T23:33:58","modified_gmt":"2025-08-27T23:33:58","slug":"la-cercania-con-la-gente-es-el-principal-eje-de-mi-gobierno-alfonso-sanchez-garcia","status":"publish","type":"post","link":"https:\/\/estado29.mx\/?p=98537","title":{"rendered":"LA CERCAN\u00cdA CON LA GENTE ES EL PRINCIPAL EJE DE MI GOBIERNO: ALFONSO S\u00c1NCHEZ GARC\u00cdA"},"content":{"rendered":"<figure class=\"wp-block-post-featured-image\"><img loading=\"lazy\" decoding=\"async\" width=\"1280\" height=\"853\" src=\"https:\/\/estado29.mx\/wp-content\/uploads\/2025\/08\/WhatsApp-Image-2025-08-26-at-7.48.08-AM.jpeg\" class=\"attachment-post-thumbnail size-post-thumbnail wp-post-image\" alt=\"\" style=\"object-fit:cover;\" srcset=\"https:\/\/estado29.mx\/wp-content\/uploads\/2025\/08\/WhatsApp-Image-2025-08-26-at-7.48.08-AM.jpeg 1280w, https:\/\/estado29.mx\/wp-content\/uploads\/2025\/08\/WhatsApp-Image-2025-08-26-at-7.48.08-AM-300x200.jpeg 300w, https:\/\/estado29.mx\/wp-content\/uploads\/2025\/08\/WhatsApp-Image-2025-08-26-at-7.48.08-AM-1024x682.jpeg 1024w, https:\/\/estado29.mx\/wp-content\/uploads\/2025\/08\/WhatsApp-Image-2025-08-26-at-7.48.08-AM-768x512.jpeg 768w, https:\/\/estado29.mx\/wp-content\/uploads\/2025\/08\/WhatsApp-Image-2025-08-26-at-7.48.08-AM-750x500.jpeg 750w, https:\/\/estado29.mx\/wp-content\/uploads\/2025\/08\/WhatsApp-Image-2025-08-26-at-7.48.08-AM-1140x760.jpeg 1140w\" sizes=\"auto, (max-width: 1280px) 100vw, 1280px\" \/><\/figure>\n\n\n<p>Al encabezar una nueva jornada de audiencias p\u00fablicas en la capital, el presidente municipal de Tlaxcala, Alfonso S\u00e1nchez Garc\u00eda, afirm\u00f3 que la cercan\u00eda con la ciudadan\u00eda es el principal eje de su administraci\u00f3n.<\/p>\n\n\n\n<p>En este espacio de di\u00e1logo directo, vecinos y vecinas tuvieron la oportunidad de expresar sus necesidades y recibir atenci\u00f3n personalizada, por lo que agradecieron la intervenci\u00f3n del alcalde para llevar a cabo acciones de mantenimiento, para la difusi\u00f3n art\u00edstica y de cultura, as\u00ed como para dar facilidades a quienes m\u00e1s lo necesitan en materia de pago de impuestos ante el municipio.<\/p>\n\n\n\n<p>La jornada estuvo marcada por testimonios que destacan este ejercicio de apertura. \u201cLa primera impresi\u00f3n es de cercan\u00eda, lo que tiene el presidente es esa apertura ante las necesidades de uno. Esto cambia la imagen de distancia y protocolo; es algo muy grato\u201d, expres\u00f3 C\u00e9sar Delgado Delgado, quien particip\u00f3 en el encuentro.<\/p>\n\n\n\n<p>Tambi\u00e9n estuvo presente Gelacio Cano Santacruz, ex presidente del Colegio de Arquitectos de Tlaxcala y quien en su momento fue maestro del alcalde en el Tecnol\u00f3gico de Tlaxcala. En esta ocasi\u00f3n record\u00f3 la brillante trayectoria de Alfonso S\u00e1nchez como estudiante.<\/p>\n\n\n\n<p>\u201cLo felicito porque tiene muchas ganas de trabajar por el estado. S\u00e9 de su capacidad y compromiso, y hoy lo veo reflejado en este contacto directo con la ciudadan\u00eda\u201d, se\u00f1al\u00f3 al compartir adem\u00e1s su inter\u00e9s por difundir su obra pict\u00f3rica en beneficio de la ciudad.<\/p>\n\n\n\n<p>Por su parte, Irma Leonor Blancas Gonz\u00e1lez subray\u00f3 la importancia de estos espacios de cercan\u00eda: \u201cEs muy importante que el alcalde tenga esta apertura. Yo solicit\u00e9 apoyo y recib\u00ed una respuesta positiva. Eso nos ayuda a resolver problem\u00e1ticas y a confiar m\u00e1s en nuestro gobierno\u201d.<\/p>\n\n\n\n<p>Con estas acciones, el edil Alfonso S\u00e1nchez Garc\u00eda escucha a la ciudadan\u00eda y atiende sus necesidades, con lo que avanza en el mejoramiento de las condiciones de la vida de las familias tlaxcaltecas.<\/p>\n","protected":false},"excerpt":{"rendered":"<p>Al encabezar una nueva jornada de audiencias p\u00fablicas en la capital, el presidente municipal de Tlaxcala, Alfonso S\u00e1nchez Garc\u00eda, afirm\u00f3 que la cercan\u00eda con la ciudadan\u00eda es el principal eje de su administraci\u00f3n. En este espacio de di\u00e1logo directo, vecinos y vecinas tuvieron la oportunidad de expresar sus necesidades y recibir atenci\u00f3n personalizada, por lo [&hellip;]<\/p>\n","protected":false},"author":9,"featured_media":98538,"comment_status":"open","ping_status":"open","sticky":false,"template":"","format":"standard","meta":{"om_disable_all_campaigns":false,"_monsterinsights_skip_tracking":false,"_monsterinsights_sitenote_active":false,"_monsterinsights_sitenote_note":"","_monsterinsights_sitenote_category":0,"jnews-multi-image_gallery":[],"jnews_single_post":{"format":"standard"},"jnews_primary_category":[],"footnotes":""},"categories":[1],"tags":[],"class_list":["post-98537","post","type-post","status-publish","format-standard","has-post-thumbnail","hentry","category-uncategorized"],"aioseo_notices":[],"_links":{"self":[{"href":"https:\/\/estado29.mx\/index.php?rest_route=\/wp\/v2\/posts\/98537","targetHints":{"allow":["GET"]}}],"collection":[{"href":"https:\/\/estado29.mx\/index.php?rest_route=\/wp\/v2\/posts"}],"about":[{"href":"https:\/\/estado29.mx\/index.php?rest_route=\/wp\/v2\/types\/post"}],"author":[{"embeddable":true,"href":"https:\/\/estado29.mx\/index.php?rest_route=\/wp\/v2\/users\/9"}],"replies":[{"embeddable":true,"href":"https:\/\/estado29.mx\/index.php?rest_route=%2Fwp%2Fv2%2Fcomments&post=98537"}],"version-history":[{"count":1,"href":"https:\/\/estado29.mx\/index.php?rest_route=\/wp\/v2\/posts\/98537\/revisions"}],"predecessor-version":[{"id":98539,"href":"https:\/\/estado29.mx\/index.php?rest_route=\/wp\/v2\/posts\/98537\/revisions\/98539"}],"wp:featuredmedia":[{"embeddable":true,"href":"https:\/\/estado29.mx\/index.php?rest_route=\/wp\/v2\/media\/98538"}],"wp:attachment":[{"href":"https:\/\/estado29.mx\/index.php?rest_route=%2Fwp%2Fv2%2Fmedia&parent=98537"}],"wp:term":[{"taxonomy":"category","embeddable":true,"href":"https:\/\/estado29.mx\/index.php?rest_route=%2Fwp%2Fv2%2Fcategories&post=98537"},{"taxonomy":"post_tag","embeddable":true,"href":"https:\/\/estado29.mx\/index.php?rest_route=%2Fwp%2Fv2%2Ftags&post=98537"}],"curies":[{"name":"wp","href":"https:\/\/api.w.org\/{rel}","templated":true}]}}