{"id":98540,"date":"2025-08-27T23:34:44","date_gmt":"2025-08-27T23:34:44","guid":{"rendered":"https:\/\/estado29.mx\/?p=98540"},"modified":"2025-08-27T23:34:44","modified_gmt":"2025-08-27T23:34:44","slug":"fortalece-alcalde-alfonso-sanchez-garcia-trabajo-en-equipo-con-presidentes-de-comunidad","status":"publish","type":"post","link":"https:\/\/estado29.mx\/?p=98540","title":{"rendered":"FORTALECE ALCALDE ALFONSO S\u00c1NCHEZ GARC\u00cdA TRABAJO EN EQUIPO CON PRESIDENTES DE COMUNIDAD"},"content":{"rendered":"<figure class=\"wp-block-post-featured-image\"><img loading=\"lazy\" decoding=\"async\" width=\"1280\" height=\"853\" src=\"https:\/\/estado29.mx\/wp-content\/uploads\/2025\/08\/WhatsApp-Image-2025-08-26-at-4.30.32-PM.jpeg\" class=\"attachment-post-thumbnail size-post-thumbnail wp-post-image\" alt=\"\" style=\"object-fit:cover;\" srcset=\"https:\/\/estado29.mx\/wp-content\/uploads\/2025\/08\/WhatsApp-Image-2025-08-26-at-4.30.32-PM.jpeg 1280w, https:\/\/estado29.mx\/wp-content\/uploads\/2025\/08\/WhatsApp-Image-2025-08-26-at-4.30.32-PM-300x200.jpeg 300w, https:\/\/estado29.mx\/wp-content\/uploads\/2025\/08\/WhatsApp-Image-2025-08-26-at-4.30.32-PM-1024x682.jpeg 1024w, https:\/\/estado29.mx\/wp-content\/uploads\/2025\/08\/WhatsApp-Image-2025-08-26-at-4.30.32-PM-768x512.jpeg 768w, https:\/\/estado29.mx\/wp-content\/uploads\/2025\/08\/WhatsApp-Image-2025-08-26-at-4.30.32-PM-750x500.jpeg 750w, https:\/\/estado29.mx\/wp-content\/uploads\/2025\/08\/WhatsApp-Image-2025-08-26-at-4.30.32-PM-1140x760.jpeg 1140w\" sizes=\"auto, (max-width: 1280px) 100vw, 1280px\" \/><\/figure>\n\n\n<p>En un ejercicio de cercan\u00eda y coordinaci\u00f3n institucional, el alcalde de la capital tlaxcalteca, Alfonso S\u00e1nchez Garc\u00eda, encabez\u00f3 una reuni\u00f3n de trabajo con presidentes de comunidad, en la que refrend\u00f3 su inter\u00e9s por emprender una labor conjunta para llevar bienestar a las familias en rubros como obras, servicios p\u00fablicos y seguridad, sin dejar de lado la atenci\u00f3n administrativa.<\/p>\n\n\n\n<p>Durante el encuentro, el alcalde adelant\u00f3 que su administraci\u00f3n dar\u00e1 prioridad a la digitalizaci\u00f3n de tr\u00e1mites, lo que permitir\u00e1 agilizar procesos y reducir la carga de solicitudes en las presidencias de comunidad. Todo esto generar\u00e1 a su vez mayor eficiencia y transparencia.<\/p>\n\n\n\n<p>En materia de seguridad, subray\u00f3 que mediante una estrecha colaboraci\u00f3n con las autoridades comunitarias se fortalecer\u00e1n los chats de vecinos vigilantes que coordina la Direcci\u00f3n de Seguridad, con el objetivo de mejorar la capacidad de reacci\u00f3n de los elementos ante cualquier hecho delictivo.<\/p>\n\n\n\n<p>Asimismo, el alcalde de la capital inform\u00f3 que su gobierno ya inici\u00f3 la ejecuci\u00f3n de diversas obras p\u00fablicas que se extender\u00e1n progresivamente en toda la capital, mientras que la Direcci\u00f3n de Servicios P\u00fablicos mantiene un trabajo coordinado para atender temas de electrificaci\u00f3n y recuperaci\u00f3n de \u00e1reas p\u00fablicas en cada una de las localidades.<\/p>\n\n\n\n<p>En esta ocasi\u00f3n, los directores de Obras y Servicios P\u00fablicos, Iram Papaqui Texpa y Marco Antonio Valencia Barrientos, respectivamente, as\u00ed como un representante de la Direcci\u00f3n de Seguridad, realizaron una presentaci\u00f3n de los avances que en sus respectivas \u00e1reas llevan a cabo en cada comunidad.<\/p>\n\n\n\n<p>En su oportunidad, el presidente de comunidad de San Gabriel Cuauhtla, Juli\u00e1n Plata Chamorro, destac\u00f3 que la coordinaci\u00f3n del Gobierno de Alfonso S\u00e1nchez Garc\u00eda, a trav\u00e9s de las direcciones de Obras y Servicios P\u00fablicos, ha dado resultados para acercar beneficios a la poblaci\u00f3n.<\/p>\n\n\n\n<p>A lo largo de la reuni\u00f3n, los presidentes de comunidad de Ocotl\u00e1n, San Lucas Cuauhtelulpan, Tepehitec, San Hip\u00f3lito Chimalpa, Atempan, Acuitlapilco y San Gabriel Cuauhtla, expusieron las principales necesidades de sus localidades y manifestaron su disposici\u00f3n para colaborar en acciones conjuntas que fortalezcan el bienestar y mejoren la calidad de vida de la poblaci\u00f3n.<\/p>\n","protected":false},"excerpt":{"rendered":"<p>En un ejercicio de cercan\u00eda y coordinaci\u00f3n institucional, el alcalde de la capital tlaxcalteca, Alfonso S\u00e1nchez Garc\u00eda, encabez\u00f3 una reuni\u00f3n de trabajo con presidentes de comunidad, en la que refrend\u00f3 su inter\u00e9s por emprender una labor conjunta para llevar bienestar a las familias en rubros como obras, servicios p\u00fablicos y seguridad, sin dejar de lado [&hellip;]<\/p>\n","protected":false},"author":9,"featured_media":98541,"comment_status":"open","ping_status":"open","sticky":false,"template":"","format":"standard","meta":{"om_disable_all_campaigns":false,"_monsterinsights_skip_tracking":false,"_monsterinsights_sitenote_active":false,"_monsterinsights_sitenote_note":"","_monsterinsights_sitenote_category":0,"jnews-multi-image_gallery":[],"jnews_single_post":{"format":"standard"},"jnews_primary_category":[],"footnotes":""},"categories":[1],"tags":[],"class_list":["post-98540","post","type-post","status-publish","format-standard","has-post-thumbnail","hentry","category-uncategorized"],"aioseo_notices":[],"_links":{"self":[{"href":"https:\/\/estado29.mx\/index.php?rest_route=\/wp\/v2\/posts\/98540","targetHints":{"allow":["GET"]}}],"collection":[{"href":"https:\/\/estado29.mx\/index.php?rest_route=\/wp\/v2\/posts"}],"about":[{"href":"https:\/\/estado29.mx\/index.php?rest_route=\/wp\/v2\/types\/post"}],"author":[{"embeddable":true,"href":"https:\/\/estado29.mx\/index.php?rest_route=\/wp\/v2\/users\/9"}],"replies":[{"embeddable":true,"href":"https:\/\/estado29.mx\/index.php?rest_route=%2Fwp%2Fv2%2Fcomments&post=98540"}],"version-history":[{"count":1,"href":"https:\/\/estado29.mx\/index.php?rest_route=\/wp\/v2\/posts\/98540\/revisions"}],"predecessor-version":[{"id":98542,"href":"https:\/\/estado29.mx\/index.php?rest_route=\/wp\/v2\/posts\/98540\/revisions\/98542"}],"wp:featuredmedia":[{"embeddable":true,"href":"https:\/\/estado29.mx\/index.php?rest_route=\/wp\/v2\/media\/98541"}],"wp:attachment":[{"href":"https:\/\/estado29.mx\/index.php?rest_route=%2Fwp%2Fv2%2Fmedia&parent=98540"}],"wp:term":[{"taxonomy":"category","embeddable":true,"href":"https:\/\/estado29.mx\/index.php?rest_route=%2Fwp%2Fv2%2Fcategories&post=98540"},{"taxonomy":"post_tag","embeddable":true,"href":"https:\/\/estado29.mx\/index.php?rest_route=%2Fwp%2Fv2%2Ftags&post=98540"}],"curies":[{"name":"wp","href":"https:\/\/api.w.org\/{rel}","templated":true}]}}