{"id":98543,"date":"2025-08-27T23:36:16","date_gmt":"2025-08-27T23:36:16","guid":{"rendered":"https:\/\/estado29.mx\/?p=98543"},"modified":"2025-08-27T23:36:16","modified_gmt":"2025-08-27T23:36:16","slug":"llevo-ayuntamiento-de-tlaxcala-jornada-de-desarrollo-salud-y-empoderamiento-a-mujeres-de-la-comunidad-de-ixtulco","status":"publish","type":"post","link":"https:\/\/estado29.mx\/?p=98543","title":{"rendered":"LLEV\u00d3 AYUNTAMIENTO DE TLAXCALA JORNADA DE DESARROLLO, SALUD Y EMPODERAMIENTO A MUJERES DE LA COMUNIDAD DE IXTULCO"},"content":{"rendered":"<figure class=\"wp-block-post-featured-image\"><img loading=\"lazy\" decoding=\"async\" width=\"1200\" height=\"800\" src=\"https:\/\/estado29.mx\/wp-content\/uploads\/2025\/08\/283ec59d-0742-4663-8046-b979b2449d90.jpeg\" class=\"attachment-post-thumbnail size-post-thumbnail wp-post-image\" alt=\"\" style=\"object-fit:cover;\" srcset=\"https:\/\/estado29.mx\/wp-content\/uploads\/2025\/08\/283ec59d-0742-4663-8046-b979b2449d90.jpeg 1200w, https:\/\/estado29.mx\/wp-content\/uploads\/2025\/08\/283ec59d-0742-4663-8046-b979b2449d90-300x200.jpeg 300w, https:\/\/estado29.mx\/wp-content\/uploads\/2025\/08\/283ec59d-0742-4663-8046-b979b2449d90-1024x683.jpeg 1024w, https:\/\/estado29.mx\/wp-content\/uploads\/2025\/08\/283ec59d-0742-4663-8046-b979b2449d90-768x512.jpeg 768w, https:\/\/estado29.mx\/wp-content\/uploads\/2025\/08\/283ec59d-0742-4663-8046-b979b2449d90-750x500.jpeg 750w, https:\/\/estado29.mx\/wp-content\/uploads\/2025\/08\/283ec59d-0742-4663-8046-b979b2449d90-1140x760.jpeg 1140w\" sizes=\"auto, (max-width: 1200px) 100vw, 1200px\" \/><\/figure>\n\n\n<p>En el marco del D\u00eda Naranja, el Ayuntamiento de Tlaxcala, que preside Alfonso S\u00e1nchez Garc\u00eda, a trav\u00e9s del Instituto Municipal de la Mujer (IMM), llev\u00f3 a cabo una jornada integral en Santa Mar\u00eda Ixtulco, con la que se acercaron herramientas de desarrollo, salud y empoderamiento a este sector de la poblaci\u00f3n.<\/p>\n\n\n\n<p>A trav\u00e9s del Instituto Municipal de la Mujer, se ofrecieron actividades dise\u00f1adas para fortalecer el conocimiento de derechos, la autoestima y el bienestar de las participantes.<\/p>\n\n\n\n<p>La jornada abri\u00f3 con la charla \u201cVida Sana, una receta nutritiva\u201d, donde especialistas compartieron consejos pr\u00e1cticos para mejorar la alimentaci\u00f3n y fomentar h\u00e1bitos saludables.<\/p>\n\n\n\n<p>Posteriormente, el \u00e1rea Jur\u00eddica present\u00f3 la \u201cCartilla de los Derechos de la Mujer\u201d, un material clave que brinda informaci\u00f3n sobre las rutas de apoyo y protecci\u00f3n legal disponibles en caso de violencia.<\/p>\n\n\n\n<p>En paralelo, el \u00e1rea de Psicolog\u00eda imparti\u00f3 una din\u00e1mica interactiva sobre \u201cLas emociones\u201d, dirigida a reconocer, gestionar y canalizar sentimientos que impactan en la vida cotidiana.<\/p>\n\n\n\n<p>La jornada culmin\u00f3 con la presentaci\u00f3n del proyecto nacional \u201cRed de Mujeres Tejedoras de la Patria\u201d, que busca impulsar el liderazgo femenino en las comunidades y consolidar una identidad compartida desde la organizaci\u00f3n y la sororidad.<\/p>\n\n\n\n<p>Con estas acciones, el gobierno municipal de Tlaxcala demuestra que la prevenci\u00f3n, el empoderamiento y la igualdad son pr\u00e1cticas diarias que transforman realidades de muchas mujeres.<\/p>\n","protected":false},"excerpt":{"rendered":"<p>En el marco del D\u00eda Naranja, el Ayuntamiento de Tlaxcala, que preside Alfonso S\u00e1nchez Garc\u00eda, a trav\u00e9s del Instituto Municipal de la Mujer (IMM), llev\u00f3 a cabo una jornada integral en Santa Mar\u00eda Ixtulco, con la que se acercaron herramientas de desarrollo, salud y empoderamiento a este sector de la poblaci\u00f3n. A trav\u00e9s del Instituto [&hellip;]<\/p>\n","protected":false},"author":9,"featured_media":98544,"comment_status":"open","ping_status":"open","sticky":false,"template":"","format":"standard","meta":{"om_disable_all_campaigns":false,"_monsterinsights_skip_tracking":false,"_monsterinsights_sitenote_active":false,"_monsterinsights_sitenote_note":"","_monsterinsights_sitenote_category":0,"jnews-multi-image_gallery":[],"jnews_single_post":{"format":"standard"},"jnews_primary_category":[],"footnotes":""},"categories":[1],"tags":[],"class_list":["post-98543","post","type-post","status-publish","format-standard","has-post-thumbnail","hentry","category-uncategorized"],"aioseo_notices":[],"_links":{"self":[{"href":"https:\/\/estado29.mx\/index.php?rest_route=\/wp\/v2\/posts\/98543","targetHints":{"allow":["GET"]}}],"collection":[{"href":"https:\/\/estado29.mx\/index.php?rest_route=\/wp\/v2\/posts"}],"about":[{"href":"https:\/\/estado29.mx\/index.php?rest_route=\/wp\/v2\/types\/post"}],"author":[{"embeddable":true,"href":"https:\/\/estado29.mx\/index.php?rest_route=\/wp\/v2\/users\/9"}],"replies":[{"embeddable":true,"href":"https:\/\/estado29.mx\/index.php?rest_route=%2Fwp%2Fv2%2Fcomments&post=98543"}],"version-history":[{"count":1,"href":"https:\/\/estado29.mx\/index.php?rest_route=\/wp\/v2\/posts\/98543\/revisions"}],"predecessor-version":[{"id":98545,"href":"https:\/\/estado29.mx\/index.php?rest_route=\/wp\/v2\/posts\/98543\/revisions\/98545"}],"wp:featuredmedia":[{"embeddable":true,"href":"https:\/\/estado29.mx\/index.php?rest_route=\/wp\/v2\/media\/98544"}],"wp:attachment":[{"href":"https:\/\/estado29.mx\/index.php?rest_route=%2Fwp%2Fv2%2Fmedia&parent=98543"}],"wp:term":[{"taxonomy":"category","embeddable":true,"href":"https:\/\/estado29.mx\/index.php?rest_route=%2Fwp%2Fv2%2Fcategories&post=98543"},{"taxonomy":"post_tag","embeddable":true,"href":"https:\/\/estado29.mx\/index.php?rest_route=%2Fwp%2Fv2%2Ftags&post=98543"}],"curies":[{"name":"wp","href":"https:\/\/api.w.org\/{rel}","templated":true}]}}