{"id":98552,"date":"2025-08-27T23:51:39","date_gmt":"2025-08-27T23:51:39","guid":{"rendered":"https:\/\/estado29.mx\/?p=98552"},"modified":"2025-08-27T23:51:40","modified_gmt":"2025-08-27T23:51:40","slug":"la-uatx-trasciende-en-su-mision-con-el-egreso-de-nuevos-educadores","status":"publish","type":"post","link":"https:\/\/estado29.mx\/?p=98552","title":{"rendered":"La UATx trasciende en su misi\u00f3n con el egreso de nuevos educadores"},"content":{"rendered":"<figure class=\"wp-block-post-featured-image\"><img loading=\"lazy\" decoding=\"async\" width=\"2128\" height=\"942\" src=\"https:\/\/estado29.mx\/wp-content\/uploads\/2025\/08\/26-La-UATx-trasciende-en-su-mision-con-el-egreso-de-nuevos-educadores-2.jpg\" class=\"attachment-post-thumbnail size-post-thumbnail wp-post-image\" alt=\"\" style=\"object-fit:cover;\" srcset=\"https:\/\/estado29.mx\/wp-content\/uploads\/2025\/08\/26-La-UATx-trasciende-en-su-mision-con-el-egreso-de-nuevos-educadores-2.jpg 2128w, https:\/\/estado29.mx\/wp-content\/uploads\/2025\/08\/26-La-UATx-trasciende-en-su-mision-con-el-egreso-de-nuevos-educadores-2-300x133.jpg 300w, https:\/\/estado29.mx\/wp-content\/uploads\/2025\/08\/26-La-UATx-trasciende-en-su-mision-con-el-egreso-de-nuevos-educadores-2-1024x453.jpg 1024w, https:\/\/estado29.mx\/wp-content\/uploads\/2025\/08\/26-La-UATx-trasciende-en-su-mision-con-el-egreso-de-nuevos-educadores-2-768x340.jpg 768w, https:\/\/estado29.mx\/wp-content\/uploads\/2025\/08\/26-La-UATx-trasciende-en-su-mision-con-el-egreso-de-nuevos-educadores-2-1536x680.jpg 1536w, https:\/\/estado29.mx\/wp-content\/uploads\/2025\/08\/26-La-UATx-trasciende-en-su-mision-con-el-egreso-de-nuevos-educadores-2-2048x907.jpg 2048w, https:\/\/estado29.mx\/wp-content\/uploads\/2025\/08\/26-La-UATx-trasciende-en-su-mision-con-el-egreso-de-nuevos-educadores-2-750x332.jpg 750w, https:\/\/estado29.mx\/wp-content\/uploads\/2025\/08\/26-La-UATx-trasciende-en-su-mision-con-el-egreso-de-nuevos-educadores-2-1140x505.jpg 1140w\" sizes=\"auto, (max-width: 2128px) 100vw, 2128px\" \/><\/figure>\n\n\n<p>\u00fc Contribuimos a una sociedad m\u00e1s justa<\/p>\n\n\n\n<p>La educaci\u00f3n significa formar humanos que se conduzcan con rectitud para formar una sociedad justa, reflexion\u00f3 el Doctor Seraf\u00edn Ortiz Ortiz, Rector de la Universidad Aut\u00f3noma de Tlaxcala (UATx), al encabezar la ceremonia de graduaci\u00f3n de 189 egresados de tres licenciaturas que imparte la Facultad de Ciencias de la Educaci\u00f3n.<\/p>\n\n\n\n<p>El pasado viernes 22 de agosto, en el Centro Cultural Universitario, se efectu\u00f3 el solemne acto de entrega de constancias a estudiantes que culminaron su formaci\u00f3n en las licenciaturas de Ciencias de la Educaci\u00f3n, Comunicaci\u00f3n e Innovaci\u00f3n Educativa, generaciones 2021-2025, y Educaci\u00f3n Inicial y Gesti\u00f3n de Instituciones, generaci\u00f3n 2022-2025.<\/p>\n\n\n\n<p>Durante su mensaje a los graduados, el Doctor Ortiz puntualiz\u00f3 que educar tiene como misi\u00f3n formar hombres y mujeres de bien para el pueblo de Tlaxcala. Adem\u00e1s, subray\u00f3, la Universidad consolida su misi\u00f3n con el Modelo Humanista Integrador Basado en Capacidades que contribuye en esta tarea, ya que inculca valores y prescripciones de conducta.<\/p>\n\n\n\n<p>A su vez, el Maestro Ren\u00e9 Xochipa P\u00e9rez, Director de la Facultad de Ciencias de la Educaci\u00f3n, extern\u00f3 su benepl\u00e1cito por este nuevo logro de la Aut\u00f3noma de Tlaxcala e invit\u00f3 a los nuevos profesionistas a continuar su actualizaci\u00f3n ya que los mismos cambios de la sociedad lo demandan.<\/p>\n\n\n\n<p>Por su parte, Yaredt Tomay Madrigal, en representaci\u00f3n de sus compa\u00f1eros, reconoci\u00f3 la labor de la Universidad y la val\u00eda del modelo educativo, porque les brind\u00f3 las bases para tener una visi\u00f3n de la educaci\u00f3n con humanismo y una profesionalizaci\u00f3n de alto impacto para la sociedad mexicana.<\/p>\n\n\n\n<p>Para concluir, el Maestro Ren\u00e9 Xochipa y el Maestro Omar Habib Mart\u00ednez, Secretario de la Facultad, entregaron reconocimientos a los mejores promedios acad\u00e9micos y destacaron el esfuerzo y la excelencia de todos los graduados.<\/p>\n\n\n\n<p><\/p>\n","protected":false},"excerpt":{"rendered":"<p>\u00fc Contribuimos a una sociedad m\u00e1s justa La educaci\u00f3n significa formar humanos que se conduzcan con rectitud para formar una sociedad justa, reflexion\u00f3 el Doctor Seraf\u00edn Ortiz Ortiz, Rector de la Universidad Aut\u00f3noma de Tlaxcala (UATx), al encabezar la ceremonia de graduaci\u00f3n de 189 egresados de tres licenciaturas que imparte la Facultad de Ciencias de [&hellip;]<\/p>\n","protected":false},"author":9,"featured_media":98553,"comment_status":"open","ping_status":"open","sticky":false,"template":"","format":"standard","meta":{"om_disable_all_campaigns":false,"_monsterinsights_skip_tracking":false,"_monsterinsights_sitenote_active":false,"_monsterinsights_sitenote_note":"","_monsterinsights_sitenote_category":0,"jnews-multi-image_gallery":[],"jnews_single_post":{"format":"standard"},"jnews_primary_category":[],"footnotes":""},"categories":[1],"tags":[],"class_list":["post-98552","post","type-post","status-publish","format-standard","has-post-thumbnail","hentry","category-uncategorized"],"aioseo_notices":[],"_links":{"self":[{"href":"https:\/\/estado29.mx\/index.php?rest_route=\/wp\/v2\/posts\/98552","targetHints":{"allow":["GET"]}}],"collection":[{"href":"https:\/\/estado29.mx\/index.php?rest_route=\/wp\/v2\/posts"}],"about":[{"href":"https:\/\/estado29.mx\/index.php?rest_route=\/wp\/v2\/types\/post"}],"author":[{"embeddable":true,"href":"https:\/\/estado29.mx\/index.php?rest_route=\/wp\/v2\/users\/9"}],"replies":[{"embeddable":true,"href":"https:\/\/estado29.mx\/index.php?rest_route=%2Fwp%2Fv2%2Fcomments&post=98552"}],"version-history":[{"count":1,"href":"https:\/\/estado29.mx\/index.php?rest_route=\/wp\/v2\/posts\/98552\/revisions"}],"predecessor-version":[{"id":98554,"href":"https:\/\/estado29.mx\/index.php?rest_route=\/wp\/v2\/posts\/98552\/revisions\/98554"}],"wp:featuredmedia":[{"embeddable":true,"href":"https:\/\/estado29.mx\/index.php?rest_route=\/wp\/v2\/media\/98553"}],"wp:attachment":[{"href":"https:\/\/estado29.mx\/index.php?rest_route=%2Fwp%2Fv2%2Fmedia&parent=98552"}],"wp:term":[{"taxonomy":"category","embeddable":true,"href":"https:\/\/estado29.mx\/index.php?rest_route=%2Fwp%2Fv2%2Fcategories&post=98552"},{"taxonomy":"post_tag","embeddable":true,"href":"https:\/\/estado29.mx\/index.php?rest_route=%2Fwp%2Fv2%2Ftags&post=98552"}],"curies":[{"name":"wp","href":"https:\/\/api.w.org\/{rel}","templated":true}]}}