{"id":98558,"date":"2025-08-27T23:55:14","date_gmt":"2025-08-27T23:55:14","guid":{"rendered":"https:\/\/estado29.mx\/?p=98558"},"modified":"2025-08-27T23:55:14","modified_gmt":"2025-08-27T23:55:14","slug":"%f0%9d%90%8b%f0%9d%90%9a-compania-de-teatro-uatx-espectactores-invita-al-estreno-de-me-avisas-cuando-llegues","status":"publish","type":"post","link":"https:\/\/estado29.mx\/?p=98558","title":{"rendered":"\ud835\udc0b\ud835\udc1a\u00a0Compa\u00f1\u00eda de Teatro UATx EspectActores \u00a0\u00a0invita al estreno de \u201cMe avisas cuando llegues\u201d"},"content":{"rendered":"<figure class=\"wp-block-post-featured-image\"><img loading=\"lazy\" decoding=\"async\" width=\"604\" height=\"887\" src=\"https:\/\/estado29.mx\/wp-content\/uploads\/2025\/08\/27-L\ud835\udc1a-Compania-de-Teatro-UATx-EspectActores-invita-al-estreno-de-Me-avisas-cuando-llegues.jpeg\" class=\"attachment-post-thumbnail size-post-thumbnail wp-post-image\" alt=\"\" style=\"object-fit:cover;\" srcset=\"https:\/\/estado29.mx\/wp-content\/uploads\/2025\/08\/27-L\ud835\udc1a-Compania-de-Teatro-UATx-EspectActores-invita-al-estreno-de-Me-avisas-cuando-llegues.jpeg 604w, https:\/\/estado29.mx\/wp-content\/uploads\/2025\/08\/27-L\ud835\udc1a-Compania-de-Teatro-UATx-EspectActores-invita-al-estreno-de-Me-avisas-cuando-llegues-204x300.jpeg 204w\" sizes=\"auto, (max-width: 604px) 100vw, 604px\" \/><\/figure>\n\n\n<p>\u00fc&nbsp;&nbsp;Para conmemorar el D\u00eda Internacional de las V\u00edctimas de Desapariciones forzadas<\/p>\n\n\n\n<p>En conmemoraci\u00f3n del D\u00eda Internacional de las V\u00edctimas de Desapariciones Forzadas y para generar conciencia colectiva ante un problema que nos afecta a todos,&nbsp;\ud835\udc04\ud835\udc2c\ud835\udc29\ud835\udc1e\ud835\udc1c\ud835\udc2d\ud835\udc00\ud835\udc1c\ud835\udc2d\ud835\udc28\ud835\udc2b\ud835\udc1e\ud835\udc2c,&nbsp;\ud835\udc02\ud835\udc28\ud835\udc26\ud835\udc29\ud835\udc1a\ud835\udc27\u0303\ud835\udc22\u0301\ud835\udc1a&nbsp;\ud835\udc1d\ud835\udc1e&nbsp;\ud835\udc13\ud835\udc1e\ud835\udc1a\ud835\udc2d\ud835\udc2b\ud835\udc28&nbsp;\ud835\udc22\ud835\udc27\ud835\udc2d\ud835\udc1e\ud835\udc2b\ud835\udc2f\ud835\udc1e\ud835\udc27\ud835\udc1c\ud835\udc22\ud835\udc28\u0301\ud835\udc27&nbsp;\ud835\udc1d\ud835\udc1e&nbsp;\ud835\udc25\ud835\udc1a&nbsp;\ud835\udc05\ud835\udc1a\ud835\udc1c\ud835\udc2e\ud835\udc25\ud835\udc2d\ud835\udc1a\ud835\udc1d&nbsp;\ud835\udc1d\ud835\udc1e&nbsp;\ud835\udc13\ud835\udc2b\ud835\udc1a\ud835\udc1b\ud835\udc1a\ud835\udc23\ud835\udc28&nbsp;\ud835\udc12\ud835\udc28\ud835\udc1c\ud835\udc22\ud835\udc1a\ud835\udc25,&nbsp;\ud835\udc12\ud835\udc28\ud835\udc1c\ud835\udc22\ud835\udc28\ud835\udc25\ud835\udc28\ud835\udc20\ud835\udc22\u0301\ud835\udc1a&nbsp;\ud835\udc32&nbsp;\ud835\udc0f\ud835\udc2c\ud835\udc22\ud835\udc1c\ud835\udc28\ud835\udc25\ud835\udc28\ud835\udc20\ud835\udc22\u0301\ud835\udc1a&nbsp;de la Universidad Aut\u00f3noma de Tlaxcala (FTSSyP-UATx), estrena \u201cMe avisas cuando llegues\u201d, el 29 de agosto, obra que muestra la dif\u00edcil situaci\u00f3n que experimentan las personas que siguen buscando a familiares o amigos desaparecidos en nuestro pa\u00eds.<\/p>\n\n\n\n<p>Estudiantes de las carreras de Trabajo Social, Psicolog\u00eda y Psicoterapia dan vida a personajes que buscan conmover al p\u00fablico y generar EspecActores en Tlaxcala: Personas que ven la puesta en escena y se convierten en actores sociales para intentar ser parte de la soluci\u00f3n al problema expuesto.<\/p>\n\n\n\n<p>\u201cMe avisas cuando llegues\u201d es una obra en la que act\u00faan: Alejandro Coyotzi, Mariel S\u00e1nchez, Mar\u00eda Fernanda Hern\u00e1ndez, Alondra Palacios, Luz del Carmen Hern\u00e1ndez, Asael Ferman, Karina Hern\u00e1ndez, Mar\u00eda Bel\u00e9n de Casa, Helena Montesinos (actriz infantil invitada), Cl\u00edo Montesinos (Cantante invitada) y Miguel \u00c1ngel V\u00e1zquez (m\u00fasico invitado); la direcci\u00f3n est\u00e1 a cargo de Rosal\u00eda Carrillo Mer\u00e1z.<\/p>\n\n\n\n<p>El estreno se llevar\u00e1 a cabo el pr\u00f3ximo viernes 29 de agosto a las 13:00 horas en el Teatro Universitario y la entrada es gratuita.<\/p>\n","protected":false},"excerpt":{"rendered":"<p>\u00fc&nbsp;&nbsp;Para conmemorar el D\u00eda Internacional de las V\u00edctimas de Desapariciones forzadas En conmemoraci\u00f3n del D\u00eda Internacional de las V\u00edctimas de Desapariciones Forzadas y para generar conciencia colectiva ante un problema que nos afecta a todos,&nbsp;\ud835\udc04\ud835\udc2c\ud835\udc29\ud835\udc1e\ud835\udc1c\ud835\udc2d\ud835\udc00\ud835\udc1c\ud835\udc2d\ud835\udc28\ud835\udc2b\ud835\udc1e\ud835\udc2c,&nbsp;\ud835\udc02\ud835\udc28\ud835\udc26\ud835\udc29\ud835\udc1a\ud835\udc27\u0303\ud835\udc22\u0301\ud835\udc1a&nbsp;\ud835\udc1d\ud835\udc1e&nbsp;\ud835\udc13\ud835\udc1e\ud835\udc1a\ud835\udc2d\ud835\udc2b\ud835\udc28&nbsp;\ud835\udc22\ud835\udc27\ud835\udc2d\ud835\udc1e\ud835\udc2b\ud835\udc2f\ud835\udc1e\ud835\udc27\ud835\udc1c\ud835\udc22\ud835\udc28\u0301\ud835\udc27&nbsp;\ud835\udc1d\ud835\udc1e&nbsp;\ud835\udc25\ud835\udc1a&nbsp;\ud835\udc05\ud835\udc1a\ud835\udc1c\ud835\udc2e\ud835\udc25\ud835\udc2d\ud835\udc1a\ud835\udc1d&nbsp;\ud835\udc1d\ud835\udc1e&nbsp;\ud835\udc13\ud835\udc2b\ud835\udc1a\ud835\udc1b\ud835\udc1a\ud835\udc23\ud835\udc28&nbsp;\ud835\udc12\ud835\udc28\ud835\udc1c\ud835\udc22\ud835\udc1a\ud835\udc25,&nbsp;\ud835\udc12\ud835\udc28\ud835\udc1c\ud835\udc22\ud835\udc28\ud835\udc25\ud835\udc28\ud835\udc20\ud835\udc22\u0301\ud835\udc1a&nbsp;\ud835\udc32&nbsp;\ud835\udc0f\ud835\udc2c\ud835\udc22\ud835\udc1c\ud835\udc28\ud835\udc25\ud835\udc28\ud835\udc20\ud835\udc22\u0301\ud835\udc1a&nbsp;de la Universidad Aut\u00f3noma de Tlaxcala (FTSSyP-UATx), estrena \u201cMe avisas cuando llegues\u201d, el 29 de agosto, obra que muestra la dif\u00edcil [&hellip;]<\/p>\n","protected":false},"author":9,"featured_media":98559,"comment_status":"open","ping_status":"open","sticky":false,"template":"","format":"standard","meta":{"om_disable_all_campaigns":false,"_monsterinsights_skip_tracking":false,"_monsterinsights_sitenote_active":false,"_monsterinsights_sitenote_note":"","_monsterinsights_sitenote_category":0,"jnews-multi-image_gallery":[],"jnews_single_post":{"format":"standard"},"jnews_primary_category":[],"footnotes":""},"categories":[1],"tags":[],"class_list":["post-98558","post","type-post","status-publish","format-standard","has-post-thumbnail","hentry","category-uncategorized"],"aioseo_notices":[],"_links":{"self":[{"href":"https:\/\/estado29.mx\/index.php?rest_route=\/wp\/v2\/posts\/98558","targetHints":{"allow":["GET"]}}],"collection":[{"href":"https:\/\/estado29.mx\/index.php?rest_route=\/wp\/v2\/posts"}],"about":[{"href":"https:\/\/estado29.mx\/index.php?rest_route=\/wp\/v2\/types\/post"}],"author":[{"embeddable":true,"href":"https:\/\/estado29.mx\/index.php?rest_route=\/wp\/v2\/users\/9"}],"replies":[{"embeddable":true,"href":"https:\/\/estado29.mx\/index.php?rest_route=%2Fwp%2Fv2%2Fcomments&post=98558"}],"version-history":[{"count":1,"href":"https:\/\/estado29.mx\/index.php?rest_route=\/wp\/v2\/posts\/98558\/revisions"}],"predecessor-version":[{"id":98560,"href":"https:\/\/estado29.mx\/index.php?rest_route=\/wp\/v2\/posts\/98558\/revisions\/98560"}],"wp:featuredmedia":[{"embeddable":true,"href":"https:\/\/estado29.mx\/index.php?rest_route=\/wp\/v2\/media\/98559"}],"wp:attachment":[{"href":"https:\/\/estado29.mx\/index.php?rest_route=%2Fwp%2Fv2%2Fmedia&parent=98558"}],"wp:term":[{"taxonomy":"category","embeddable":true,"href":"https:\/\/estado29.mx\/index.php?rest_route=%2Fwp%2Fv2%2Fcategories&post=98558"},{"taxonomy":"post_tag","embeddable":true,"href":"https:\/\/estado29.mx\/index.php?rest_route=%2Fwp%2Fv2%2Ftags&post=98558"}],"curies":[{"name":"wp","href":"https:\/\/api.w.org\/{rel}","templated":true}]}}