{"id":98570,"date":"2025-09-10T13:31:51","date_gmt":"2025-09-10T13:31:51","guid":{"rendered":"https:\/\/estado29.mx\/?p=98570"},"modified":"2025-09-10T13:31:52","modified_gmt":"2025-09-10T13:31:52","slug":"destacan-ciudadanos-atencion-de-la-gobernadora-en-la-sexta-audiencia-publica-2025","status":"publish","type":"post","link":"https:\/\/estado29.mx\/?p=98570","title":{"rendered":"Destacan ciudadanos atenci\u00f3n de la gobernadora en la sexta audiencia p\u00fablica 2025"},"content":{"rendered":"\n<p><\/p>\n\n\n\n<p>\u2022&nbsp;&nbsp;&nbsp;&nbsp;&nbsp;&nbsp;&nbsp;&nbsp;&nbsp; En este espacio de participaci\u00f3n ciudadana, la titular del Ejecutivo y funcionarios estatales escucharon a las y los ciudadanos<\/p>\n\n\n\n<p>La gobernadora Lorena Cu\u00e9llar Cisneros encabez\u00f3 la sexta audiencia p\u00fablica 2025, un espacio abierto en el que habitantes de los 60 municipios presentaron sus demandas en materia de educaci\u00f3n, vivienda, bienestar social, cultura, deporte y justicia.<\/p>\n\n\n\n<p>En el Sal\u00f3n Rojo de Palacio de Gobierno, la titular del Ejecutivo, acompa\u00f1ada de los titulares de dependencias, estableci\u00f3 un di\u00e1logo directo, con el prop\u00f3sito de conocer las solicitudes ciudadanas y ofrecer una soluci\u00f3n para generar bienestar en las comunidades tlaxcaltecas.<\/p>\n\n\n\n<p>\u201cHoy nuevamente realizamos una audiencia p\u00fablica en Palacio de Gobierno para atender las demandas de la ciudadan\u00eda. Me siento muy contenta de escuchar de cerca sus necesidades y, junto con mis compa\u00f1eras y compa\u00f1eros, trabajar en las soluciones que den respuesta a cada caso\u201d, mencion\u00f3 antes de dar inicio.<\/p>\n\n\n\n<p>Melit\u00f3n Agust\u00edn Romero Onofre, de la comunidad de San Pedro Mu\u00f1oztla, del municipio de Chiautempan, pidi\u00f3 el apoyo de la mandataria estatal para que, a trav\u00e9s de la Secretar\u00eda de Ordenamiento Territorial y Vivienda (SOTyV), pueda ser considerado en el programa que le permita tener un espacio digno para su familia.<\/p>\n\n\n\n<p>\u201cLa verdad, nuestra gobernadora tiene la paciencia de escuchar a la gente que tiene la necesidad de solicitarle cualquier apoyo. Estoy plenamente agradecido, sobre todo, por la atenci\u00f3n que nos da. En una calificaci\u00f3n del 1 al 10, le doy el 10\u201d, coment\u00f3.<\/p>\n\n\n\n<p>De la comunidad de Tizatl\u00e1n, Tlaxcala, Ver\u00f3nica Morales S\u00e1nchez destac\u00f3 que, a diferencia de otras administraciones, el gobierno de Lorena Cu\u00e9llar es \u201cabierto y cercano a la gente\u201d.<\/p>\n\n\n\n<p>\u201cLa gobernadora es muy tratable, siempre ha sido as\u00ed, abierta con los ciudadanos. Mis respetos, la quiero mucho, la estimo mucho. Para m\u00ed, lo que est\u00e1 haciendo por el estado, est\u00e1 bien\u201d, comparti\u00f3 tras exponer un asunto laboral.<\/p>\n\n\n\n<p>La titular del Ejecutivo tambi\u00e9n escuch\u00f3 a Natalia Garc\u00eda Tlalmis, originaria del municipio de San Juan Huactzinco, quien le pidi\u00f3 su respaldo para la construcci\u00f3n de una Casa de D\u00eda, espacio que permitir\u00e1 ofrecer atenci\u00f3n integral a los adultos mayores de su comunidad.<\/p>\n\n\n\n<p>Explic\u00f3 que, en su inter\u00e9s por ayudar a este sector, muchas veces olvidado, tiene la disposici\u00f3n de donar un predio de su propiedad para la ejecuci\u00f3n del proyecto y \u201ctengan una vida digna\u201d.<\/p>\n\n\n\n<p>Agradeci\u00f3 la respuesta favorable de Cu\u00e9llar Cisneros, quien, detall\u00f3, se comprometi\u00f3 a dar seguimiento a su solicitud a trav\u00e9s de las autoridades municipales y de las diversas dependencias de su gobierno.<\/p>\n\n\n\n<p>\u201cRecib\u00ed una respuesta muy favorable [\u2026] Es una buena persona, tiene esa amabilidad de escucharnos. Siempre he visto en las personas esa sinceridad con la que nos hablan y s\u00e9 que ella s\u00ed se preocupa por estos problemas sociales que existen en una comunidad\u201d, se\u00f1al\u00f3.<\/p>\n\n\n\n<p>En este di\u00e1logo directo, Cu\u00e9llar Cisneros reconoci\u00f3 el coraje y la participaci\u00f3n de cuatro mujeres que integran el equipo Aqua Baby, quienes pusieron en alto el nombre de Tlaxcala durante su participaci\u00f3n en una competencia en Grecia y, quienes ahora solicitaron su apoyo que les permita viajar a Dinamarca el pr\u00f3ximo a\u00f1o.<\/p>\n\n\n\n<p>\u201cEllas buscan el apoyo del gobierno, porque su idea es ir a la competencia de Dinamarca el pr\u00f3ximo a\u00f1o a representarnos. As\u00ed que, muy feliz. Ya me compromet\u00ed con ellas\u201d, se\u00f1al\u00f3 la gobernadora.<\/p>\n\n\n\n<p>En su oportunidad, Mar\u00eda de los \u00c1ngeles Palafox Dorantes, representante de Aqua Baby, destac\u00f3 las acciones realizadas por la actual administraci\u00f3n que impulsan el deporte.<\/p>\n\n\n\n<p>\u201cEl deporte es una parte fundamental, es preventivo; es importante que lo practiquemos desde peque\u00f1os y hasta edad adulta, y podemos conseguir lo que queramos. Agradecerle a la gobernadora, a todo su equipo\u201d, indic\u00f3.<\/p>\n\n\n\n<p>Al finalizar, la mandataria asegur\u00f3 que \u201chacemos estas audiencias para escuchar a la ciudadan\u00eda y me llena de alegr\u00eda porque junto con mis compa\u00f1eros trabajaremos en dar respuesta a las necesidades de la gente\u201d.<\/p>\n\n\n\n<p>En la audiencia participaron los secretarios de Gobierno, Luis Antonio Ram\u00edrez Hern\u00e1ndez; de Movilidad y Transporte (SMyT), Marco Tulio Munive Temoltzin; de Infraestructura (SI), Eduardo Hern\u00e1ndez Tapia; de la SOTyV, David Guerrero Tapia; el coordinador de Comunicaci\u00f3n del Gobierno del estado (CCOM), Antonio Mart\u00ednez Vel\u00e1zquez, y la fiscal General de Justicia, Ernestina Carro Rold\u00e1n.<\/p>\n\n\n\n<p>Tambi\u00e9n atendieron a ciudadanos el secretario de Impulso Agropecuario (SIA), Rafael de la Pe\u00f1a Bernal; la secretaria de Cultura, Karen Villeda; Gelacio Montiel Fuentes, secretario particular de la Gobernadora, y Nery Ba\u00f1uelos Flores, secretaria privada, as\u00ed como funcionarios de la Secretar\u00eda de Desarrollo Econ\u00f3mico (Sedeco) y del Registro Civil del Estado, entre otros.<\/p>\n","protected":false},"excerpt":{"rendered":"<p>\u2022&nbsp;&nbsp;&nbsp;&nbsp;&nbsp;&nbsp;&nbsp;&nbsp;&nbsp; En este espacio de participaci\u00f3n ciudadana, la titular del Ejecutivo y funcionarios estatales escucharon a las y los ciudadanos La gobernadora Lorena Cu\u00e9llar Cisneros encabez\u00f3 la sexta audiencia p\u00fablica 2025, un espacio abierto en el que habitantes de los 60 municipios presentaron sus demandas en materia de educaci\u00f3n, vivienda, bienestar social, cultura, deporte y [&hellip;]<\/p>\n","protected":false},"author":4,"featured_media":98571,"comment_status":"open","ping_status":"open","sticky":false,"template":"","format":"standard","meta":{"om_disable_all_campaigns":false,"_monsterinsights_skip_tracking":false,"_monsterinsights_sitenote_active":false,"_monsterinsights_sitenote_note":"","_monsterinsights_sitenote_category":0,"jnews-multi-image_gallery":[],"jnews_single_post":{"format":"standard"},"jnews_primary_category":[],"footnotes":""},"categories":[1],"tags":[],"class_list":["post-98570","post","type-post","status-publish","format-standard","has-post-thumbnail","hentry","category-uncategorized"],"aioseo_notices":[],"_links":{"self":[{"href":"https:\/\/estado29.mx\/index.php?rest_route=\/wp\/v2\/posts\/98570","targetHints":{"allow":["GET"]}}],"collection":[{"href":"https:\/\/estado29.mx\/index.php?rest_route=\/wp\/v2\/posts"}],"about":[{"href":"https:\/\/estado29.mx\/index.php?rest_route=\/wp\/v2\/types\/post"}],"author":[{"embeddable":true,"href":"https:\/\/estado29.mx\/index.php?rest_route=\/wp\/v2\/users\/4"}],"replies":[{"embeddable":true,"href":"https:\/\/estado29.mx\/index.php?rest_route=%2Fwp%2Fv2%2Fcomments&post=98570"}],"version-history":[{"count":1,"href":"https:\/\/estado29.mx\/index.php?rest_route=\/wp\/v2\/posts\/98570\/revisions"}],"predecessor-version":[{"id":98572,"href":"https:\/\/estado29.mx\/index.php?rest_route=\/wp\/v2\/posts\/98570\/revisions\/98572"}],"wp:featuredmedia":[{"embeddable":true,"href":"https:\/\/estado29.mx\/index.php?rest_route=\/wp\/v2\/media\/98571"}],"wp:attachment":[{"href":"https:\/\/estado29.mx\/index.php?rest_route=%2Fwp%2Fv2%2Fmedia&parent=98570"}],"wp:term":[{"taxonomy":"category","embeddable":true,"href":"https:\/\/estado29.mx\/index.php?rest_route=%2Fwp%2Fv2%2Fcategories&post=98570"},{"taxonomy":"post_tag","embeddable":true,"href":"https:\/\/estado29.mx\/index.php?rest_route=%2Fwp%2Fv2%2Ftags&post=98570"}],"curies":[{"name":"wp","href":"https:\/\/api.w.org\/{rel}","templated":true}]}}