{"id":98573,"date":"2025-09-10T13:38:00","date_gmt":"2025-09-10T13:38:00","guid":{"rendered":"https:\/\/estado29.mx\/?p=98573"},"modified":"2025-09-10T13:38:01","modified_gmt":"2025-09-10T13:38:01","slug":"propaet-aclara-denuncia-sobre-presunta-empresa-contaminante-en-ixtacuixtla","status":"publish","type":"post","link":"https:\/\/estado29.mx\/?p=98573","title":{"rendered":"PROPAET aclara denuncia sobre presunta empresa contaminante en Ixtacuixtla"},"content":{"rendered":"\n<p><\/p>\n\n\n\n<p>La Procuradur\u00eda de Protecci\u00f3n al Ambiente del Estado de Tlaxcala (PROPAET) dio a conocer las acciones que se han llevado a cabo tras la denuncia p\u00fablica relacionada con una supuesta empresa dedicada a la producci\u00f3n de \u201cPlastiteja\u201d en la comunidad de San Antonio Atotonilco, Ixtacuixtla.<\/p>\n\n\n\n<p>Inform\u00f3 que ya se han llevado a cabo tres diligencias de inspecci\u00f3n apegadas a la Ley de Protecci\u00f3n al Ambiente y el Desarrollo Sostenible del Estado de Tlaxcala, as\u00ed como a la Ley del Procedimiento Administrativo del Estado y sus Municipios, con los siguientes resultados:<\/p>\n\n\n\n<p>18 de junio de 2025: Primera visita de verificaci\u00f3n (acta PROPAET-DIV-OI\/169\/2025-IND), en la que no se detect\u00f3 actividad productiva ni emisiones contaminantes. Se inici\u00f3 el procedimiento administrativo por no contar con su manifestaci\u00f3n de impacto ambiental emitido por la Secretar\u00eda de Medio Ambiente del Estado de Tlaxcala.<\/p>\n\n\n\n<p>Al no identificarse un riesgo inminente de desequilibrio ecol\u00f3gico ni da\u00f1o grave, no se justific\u00f3 la imposici\u00f3n de una medida de suspensi\u00f3n. Esta decisi\u00f3n se tom\u00f3 en apego a los principios de proporcionalidad y respeto al domicilio, dado que el inmueble inspeccionado tambi\u00e9n tiene un uso habitacional. A pesar de lo anterior, la parte inspeccionada fue debidamente sancionada por la falta de autorizaci\u00f3n y cubri\u00f3 el monto de la sanci\u00f3n econ\u00f3mica impuesta.<\/p>\n\n\n\n<p>24 de junio de 2025: Segunda visita (acta PROPAET-172\/2025-AT), en la que nuevamente se constat\u00f3 la inexistencia de operaciones activas ni emisiones contaminantes a la atm\u00f3sfera.<\/p>\n\n\n\n<p>8 de septiembre de 2025: Operativo interinstitucional con la participaci\u00f3n de la Guardia Nacional, la Secretar\u00eda de Marina, la Secretar\u00eda de la Defensa Nacional y la Secretar\u00eda de Seguridad Ciudadana, desplegando m\u00e1s de 45 elementos para garantizar la diligencia. Se verific\u00f3 el inmueble de 800 m\u00b2, donde se encontr\u00f3 maquinaria y hornos inactivos, sin evidencia de emisiones o producci\u00f3n, levant\u00e1ndose el acta PROPAET-208\/2025-AT.<\/p>\n\n\n\n<p>Con base en estas actuaciones, no existen elementos jur\u00eddicos ni t\u00e9cnicos que acrediten operaci\u00f3n industrial o da\u00f1o ambiental que justifique una suspensi\u00f3n total temporal o permanente.<\/p>\n\n\n\n<p>La actuaci\u00f3n de esta Procuradur\u00eda se ha apegado a la legalidad, la objetividad y el debido proceso para evitar cualquier acto arbitrario, respondiendo a la denuncia con hechos y evidencia documentada.<\/p>\n\n\n\n<p>Con estas acciones, la PROPAET desmiente categ\u00f3ricamente las acusaciones de omisi\u00f3n y supuestos actos de corrupci\u00f3n. A trav\u00e9s de un riguroso proceso de inspecci\u00f3n, que incluy\u00f3 tres diligencias exhaustivas y un operativo coordinado con fuerzas federales y estatales, se ha constatado que el predio en cuesti\u00f3n carece de actividad productiva que genere emisiones contaminantes o ponga en riesgo la salud de la poblaci\u00f3n.<\/p>\n\n\n\n<p>La PROPAET reitera su compromiso con el debido proceso y la protecci\u00f3n ambiental, actuando siempre con prudencia y proporcionalidad. Se invita a la ciudadan\u00eda a denunciar de manera formal y documentada cualquier actividad que consideren irregular, para que esta instituci\u00f3n pueda investigar y actuar conforme a derecho.<\/p>\n","protected":false},"excerpt":{"rendered":"<p>La Procuradur\u00eda de Protecci\u00f3n al Ambiente del Estado de Tlaxcala (PROPAET) dio a conocer las acciones que se han llevado a cabo tras la denuncia p\u00fablica relacionada con una supuesta empresa dedicada a la producci\u00f3n de \u201cPlastiteja\u201d en la comunidad de San Antonio Atotonilco, Ixtacuixtla. Inform\u00f3 que ya se han llevado a cabo tres diligencias [&hellip;]<\/p>\n","protected":false},"author":4,"featured_media":98574,"comment_status":"open","ping_status":"open","sticky":false,"template":"","format":"standard","meta":{"om_disable_all_campaigns":false,"_monsterinsights_skip_tracking":false,"_monsterinsights_sitenote_active":false,"_monsterinsights_sitenote_note":"","_monsterinsights_sitenote_category":0,"jnews-multi-image_gallery":[],"jnews_single_post":{"format":"standard"},"jnews_primary_category":[],"footnotes":""},"categories":[1],"tags":[],"class_list":["post-98573","post","type-post","status-publish","format-standard","has-post-thumbnail","hentry","category-uncategorized"],"aioseo_notices":[],"_links":{"self":[{"href":"https:\/\/estado29.mx\/index.php?rest_route=\/wp\/v2\/posts\/98573","targetHints":{"allow":["GET"]}}],"collection":[{"href":"https:\/\/estado29.mx\/index.php?rest_route=\/wp\/v2\/posts"}],"about":[{"href":"https:\/\/estado29.mx\/index.php?rest_route=\/wp\/v2\/types\/post"}],"author":[{"embeddable":true,"href":"https:\/\/estado29.mx\/index.php?rest_route=\/wp\/v2\/users\/4"}],"replies":[{"embeddable":true,"href":"https:\/\/estado29.mx\/index.php?rest_route=%2Fwp%2Fv2%2Fcomments&post=98573"}],"version-history":[{"count":1,"href":"https:\/\/estado29.mx\/index.php?rest_route=\/wp\/v2\/posts\/98573\/revisions"}],"predecessor-version":[{"id":98575,"href":"https:\/\/estado29.mx\/index.php?rest_route=\/wp\/v2\/posts\/98573\/revisions\/98575"}],"wp:featuredmedia":[{"embeddable":true,"href":"https:\/\/estado29.mx\/index.php?rest_route=\/wp\/v2\/media\/98574"}],"wp:attachment":[{"href":"https:\/\/estado29.mx\/index.php?rest_route=%2Fwp%2Fv2%2Fmedia&parent=98573"}],"wp:term":[{"taxonomy":"category","embeddable":true,"href":"https:\/\/estado29.mx\/index.php?rest_route=%2Fwp%2Fv2%2Fcategories&post=98573"},{"taxonomy":"post_tag","embeddable":true,"href":"https:\/\/estado29.mx\/index.php?rest_route=%2Fwp%2Fv2%2Ftags&post=98573"}],"curies":[{"name":"wp","href":"https:\/\/api.w.org\/{rel}","templated":true}]}}