{"id":98596,"date":"2025-09-19T07:24:16","date_gmt":"2025-09-19T13:24:16","guid":{"rendered":"https:\/\/estado29.mx\/?p=98596"},"modified":"2025-09-19T07:24:42","modified_gmt":"2025-09-19T13:24:42","slug":"98596","status":"publish","type":"post","link":"https:\/\/estado29.mx\/?p=98596","title":{"rendered":"Tlaxcala se suma a esfuerzos federales para combatir la tala ilegal"},"content":{"rendered":"\n<p><\/p>\n\n\n\n<p>\u2022&nbsp;&nbsp;&nbsp;&nbsp;&nbsp;&nbsp;&nbsp;&nbsp;&nbsp; A trav\u00e9s de acciones coordinadas de vigilancia forestal y operativos conjuntos, se ha logrado la clausura de aserraderos, el aseguramiento de madera y veh\u00edculos, y la presentaci\u00f3n de denuncias ante la FGR, como parte de las labores de protecci\u00f3n de las zonas boscosas en la entidad<\/p>\n\n\n\n<p>El Gobierno del Estado, a trav\u00e9s de la Secretar\u00eda de Medio Ambiente (SMA) y la Procuradur\u00eda de Protecci\u00f3n al Ambiente del Estado (Propaet), se ha sumado a los esfuerzos del Gobierno de M\u00e9xico para prevenir y erradicar la tala clandestina, considerada uno de los principales retos ambientales de la entidad y del pa\u00eds, participando en labores de inspecci\u00f3n y vigilancia coordinadas por autoridades federales, las cuales han derivado en clausuras de aserraderos, aseguramiento de madera y veh\u00edculos, y denuncias ante la Fiscal\u00eda General de la Rep\u00fablica (FGR), como resultado de operativos conjuntos.<\/p>\n\n\n\n<p>Durante su participaci\u00f3n en el encuentro Di\u00e1logo Circular con representantes de medios de comunicaci\u00f3n, el secretario de Medio Ambiente, Pedro Aquino Alvarado, y el titular de la Propaet, Iv\u00e1n Garc\u00eda Ju\u00e1rez, coincidieron que el marco jur\u00eddico vigente establece claramente la distribuci\u00f3n de las competencias de las autoridades de los diversos \u00f3rdenes de gobierno para hacer frente a esta actividad il\u00edcita, por lo que el gobierno estatal colabora con el gobierno federal para hacer frente a este problema que degrada los ecosistemas y reduce la biodiversidad.<\/p>\n\n\n\n<p>Pedro Aquino indic\u00f3 que este a\u00f1o, por instrucci\u00f3n de la gobernadora Lorena Cu\u00e9llar Cisneros, se puso en marcha la Mesa Interinstitucional para Prevenir y Erradicar la Tala, que semanalmente encabeza el titular de la Secretar\u00eda de Gobierno (Segob), Luis Antonio Ram\u00edrez, a fin de dar seguimiento a las estrategias y acuerdos relacionados con el combate de esta pr\u00e1ctica ilegal.<\/p>\n\n\n\n<p>Refiri\u00f3 que este tema, originalmente, se abordaba en la Mesa de Seguridad que preside la gobernadora; sin embargo, debido a su importancia, ahora se trabaja en una mesa particular, que opera bajo un esquema de coordinaci\u00f3n con las representaciones de instituciones federales del sector ambiental, seguridad, procuraci\u00f3n de justicia y fuerzas armadas, \u201calgo que no hemos visto en otras entidades federativas\u201d.<\/p>\n\n\n\n<p>\u201cEn esta Mesa participa la Fiscal\u00eda General de la Rep\u00fablica, porque ustedes saben, la tala es un delito federal; participa la Secretar\u00eda de la Defensa Nacional (Defensa), la Guardia Nacional (GN), Conafor, Conanp, que son instituciones tambi\u00e9n ambientales, m\u00e1s la Profepa, que es, desde el punto de vista administrativo, la instancia responsable de perseguir estas conductas que est\u00e1n prohibidas por las leyes ambientales\u201d, expuso.<\/p>\n\n\n\n<p>El funcionario record\u00f3 que un compromiso de la gobernadora, \u201cdesde su campa\u00f1a y que refrend\u00f3 en el Plan Estatal de Desarrollo\u201d, fue apoyar el combate y la prevenci\u00f3n de la tala, por lo que, aunque se trata de un delito federal, \u201cel Gobierno del Estado har\u00e1 lo propio hasta donde nos lo permite la ley\u201d.<\/p>\n\n\n\n<p>Por su parte, el procurador Iv\u00e1n Garc\u00eda destac\u00f3 la coordinaci\u00f3n con el gobierno federal, pues mientras la Procuradur\u00eda Federal de Protecci\u00f3n al Ambiente (Profepa) concentra los esfuerzos contra la tala ilegal, la Propaet sanciona las afectaciones de especies vegetales que no son de competencia federal, como \u00e1rboles urbanos, jardines y \u00e1reas verdes locales, y colabora en acciones conjuntas.<\/p>\n\n\n\n<p>Al respecto, expuso que, de octubre de 2024 a agosto de 2025, la Profepa, en coordinaci\u00f3n con la Propaet, la GN, la Defensa, la Secretar\u00eda de Seguridad Ciudadana y otras dependencias estatales, intensific\u00f3 acciones en \u201cfocos rojos\u201d de tala ilegal, principalmente, en el Parque Nacional Malinche y municipios aleda\u00f1os.<\/p>\n\n\n\n<p>Mencion\u00f3 que se han realizado 79 acciones, que incluyen 22 inspecciones a predios, nueve inspecciones a centros de almacenamiento y transformaci\u00f3n (aserraderos), tres inspecciones a empresas con tratamiento fitosanitario, 34 inspecciones de transporte de materias primas forestales, nueve recorridos de vigilancia y dos operativos especializados, lo que deriv\u00f3 en la clausura de tres aserraderos y tres predios, as\u00ed como el aseguramiento precautorio de 462 mil 979 metros c\u00fabicos de madera, 35 veh\u00edculos, 10 herramientas y equipos, y 0.6 toneladas de carb\u00f3n vegetal.<\/p>\n\n\n\n<p>En materia jur\u00eddica, se\u00f1al\u00f3 que se han presentado 30 denuncias ante la FGR, y 80 coadyuvancias realizadas ante la Fiscal\u00eda General, mientras que la Propaet, en seguimiento a acuerdos de la Mesa de Tala, durante 2025, ha realizado 128 visitas de investigaci\u00f3n a maderer\u00edas, lo que permiti\u00f3 identificar 46 establecimientos activos, 78 inactivos y cuatro no localizados. Adem\u00e1s, se detectaron cuatro nuevos establecimientos que ser\u00e1n verificados pr\u00f3ximamente.<\/p>\n\n\n\n<p>Asimismo, con base en un listado de 70 aserraderos registrados por la Secretar\u00eda de Medio Ambiente y Recursos Naturales (Semarnat), la Propaet realiz\u00f3 una depuraci\u00f3n que permiti\u00f3 detectar que 54 est\u00e1n operando, 13 est\u00e1n inactivos, dos no fueron localizados y uno est\u00e1 clausurado. Al respecto, el funcionario mencion\u00f3 que 32 cuentan con manifiesto de impacto ambiental estatal, y que 31 est\u00e1n inscritos al programa de auditor\u00eda ambiental en la Propaet. De estas verificaciones, a\u00f1adi\u00f3, la Propaet instaur\u00f3 12 procedimientos administrativos, de los cuales 10 concluyeron con una sanci\u00f3n econ\u00f3mica.<\/p>\n","protected":false},"excerpt":{"rendered":"<p>\u2022&nbsp;&nbsp;&nbsp;&nbsp;&nbsp;&nbsp;&nbsp;&nbsp;&nbsp; A trav\u00e9s de acciones coordinadas de vigilancia forestal y operativos conjuntos, se ha logrado la clausura de aserraderos, el aseguramiento de madera y veh\u00edculos, y la presentaci\u00f3n de denuncias ante la FGR, como parte de las labores de protecci\u00f3n de las zonas boscosas en la entidad El Gobierno del Estado, a trav\u00e9s de la [&hellip;]<\/p>\n","protected":false},"author":4,"featured_media":98597,"comment_status":"open","ping_status":"open","sticky":false,"template":"","format":"standard","meta":{"om_disable_all_campaigns":false,"_monsterinsights_skip_tracking":false,"_monsterinsights_sitenote_active":false,"_monsterinsights_sitenote_note":"","_monsterinsights_sitenote_category":0,"jnews-multi-image_gallery":[],"jnews_single_post":{"format":"standard"},"jnews_primary_category":[],"footnotes":""},"categories":[1],"tags":[],"class_list":["post-98596","post","type-post","status-publish","format-standard","has-post-thumbnail","hentry","category-uncategorized"],"aioseo_notices":[],"_links":{"self":[{"href":"https:\/\/estado29.mx\/index.php?rest_route=\/wp\/v2\/posts\/98596","targetHints":{"allow":["GET"]}}],"collection":[{"href":"https:\/\/estado29.mx\/index.php?rest_route=\/wp\/v2\/posts"}],"about":[{"href":"https:\/\/estado29.mx\/index.php?rest_route=\/wp\/v2\/types\/post"}],"author":[{"embeddable":true,"href":"https:\/\/estado29.mx\/index.php?rest_route=\/wp\/v2\/users\/4"}],"replies":[{"embeddable":true,"href":"https:\/\/estado29.mx\/index.php?rest_route=%2Fwp%2Fv2%2Fcomments&post=98596"}],"version-history":[{"count":2,"href":"https:\/\/estado29.mx\/index.php?rest_route=\/wp\/v2\/posts\/98596\/revisions"}],"predecessor-version":[{"id":98599,"href":"https:\/\/estado29.mx\/index.php?rest_route=\/wp\/v2\/posts\/98596\/revisions\/98599"}],"wp:featuredmedia":[{"embeddable":true,"href":"https:\/\/estado29.mx\/index.php?rest_route=\/wp\/v2\/media\/98597"}],"wp:attachment":[{"href":"https:\/\/estado29.mx\/index.php?rest_route=%2Fwp%2Fv2%2Fmedia&parent=98596"}],"wp:term":[{"taxonomy":"category","embeddable":true,"href":"https:\/\/estado29.mx\/index.php?rest_route=%2Fwp%2Fv2%2Fcategories&post=98596"},{"taxonomy":"post_tag","embeddable":true,"href":"https:\/\/estado29.mx\/index.php?rest_route=%2Fwp%2Fv2%2Ftags&post=98596"}],"curies":[{"name":"wp","href":"https:\/\/api.w.org\/{rel}","templated":true}]}}