{"id":98600,"date":"2025-09-19T07:25:59","date_gmt":"2025-09-19T13:25:59","guid":{"rendered":"https:\/\/estado29.mx\/?p=98600"},"modified":"2025-09-19T07:26:00","modified_gmt":"2025-09-19T13:26:00","slug":"colocaran-capsula-del-tiempo-con-motivo-de-los-500-anos-de-la-fundacion-de-tlaxcala","status":"publish","type":"post","link":"https:\/\/estado29.mx\/?p=98600","title":{"rendered":"Colocar\u00e1n c\u00e1psula del tiempo con motivo de los 500 a\u00f1os de la fundaci\u00f3n de Tlaxcala"},"content":{"rendered":"\n<p><\/p>\n\n\n\n<p>\u2022&nbsp;&nbsp;&nbsp;&nbsp;&nbsp;&nbsp;&nbsp;&nbsp;&nbsp; El proyecto, encabezado por el Archivo General del Estado, reunir\u00e1 testimonios, objetos y memorias de la vida cotidiana para compartirlas con las pr\u00f3ximas generaciones<\/p>\n\n\n\n<p>En el marco de los festejos por los 500 a\u00f1os de la fundaci\u00f3n de la ciudad de Tlaxcala, la directora del Archivo General e Hist\u00f3rico del Estado de Tlaxcala (AGEHT), Mayra V\u00e1zquez Vel\u00e1zquez, anunci\u00f3 la colocaci\u00f3n de una c\u00e1psula del tiempo, que permanecer\u00e1 sellada durante 50 a\u00f1os y resguardar\u00e1 cartas escritas por autoridades, cronistas, acad\u00e9micos y representantes de grupos sociales, adem\u00e1s de peri\u00f3dicos, fotograf\u00edas, recuerdos conmemorativos y piezas emblem\u00e1ticas de la identidad tlaxcalteca, como trajes y m\u00e1scaras de carnaval, un bast\u00f3n de mando de Tizatl\u00e1n y una memoria USB con poes\u00eda y cr\u00f3nicas.<\/p>\n\n\n\n<p>Durante el ejercicio informativo Di\u00e1logo Circular, V\u00e1zquez Vel\u00e1zquez explic\u00f3 que el proyecto busca dejar un legado incluyente a las pr\u00f3ximas generaciones, y mencion\u00f3 que se instalar\u00e1 frente a la Antimonumenta Feminista, en la Avenida Guillermo Valle, en la capital del estado.<\/p>\n\n\n\n<p>\u201cLa conmemoraci\u00f3n de los 500 a\u00f1os de la capital es una oportunidad para dejar un legado a las pr\u00f3ximas generaciones. Como vocal de la Comisi\u00f3n de los 500 a\u00f1os, impulsamos la creaci\u00f3n de esta c\u00e1psula del tiempo como un testimonio de nuestra \u00e9poca. Desde el Archivo General e Hist\u00f3rico aportamos la riqueza documental y cultural que resguarda nuestra memoria, para que este proyecto se convierta en una actividad conmemorativa de gran significado para Tlaxcala\u201d, destac\u00f3.<\/p>\n\n\n\n<p>V\u00e1zquez Vel\u00e1zquez explic\u00f3 que la c\u00e1psula contendr\u00e1 cartas escritas a mano por la gobernadora Lorena Cu\u00e9llar Cisneros, de las titulares del Tribunal Superior de Justicia del Estado y de la Mesa Directiva del Congreso local; del presidente municipal Alfonso S\u00e1nchez Garc\u00eda, as\u00ed como del Obispo de Tlaxcala, acad\u00e9micos, cronistas y grupos de atenci\u00f3n prioritaria como mujeres, personas ind\u00edgenas, con discapacidad y de la comunidad LGBT+.<\/p>\n\n\n\n<p>\u201cTodas estas cartas estar\u00e1n dirigidas a los ciudadanos del futuro, como un testimonio de nuestra \u00e9poca\u201d, subray\u00f3.<\/p>\n\n\n\n<p>Adem\u00e1s de las misivas, se incluir\u00e1n peri\u00f3dicos, fotograf\u00edas, el programa de actividades de los 500 a\u00f1os, recuerdos conmemorativos de los festejos, as\u00ed como objetos representativos de la vida cotidiana y cultural de Tlaxcala en 2025, entre ellos un traje y m\u00e1scara de carnaval, un bast\u00f3n de mando de Tizatl\u00e1n y una memoria USB con poes\u00eda y cr\u00f3nicas.<\/p>\n\n\n\n<p>La directora del Archivo General de Tlaxcala subray\u00f3 que la \u201cc\u00e1psula del tiempo\u201d se sellar\u00e1 en la clausura de los festejos de los 500 a\u00f1os de la fundaci\u00f3n de la ciudad de Tlaxcala, y ser\u00e1 abierta en el a\u00f1o 2075.<\/p>\n\n\n\n<p>\u201cCuando eso ocurra, los objetos y documentos habr\u00e1n adquirido un valor hist\u00f3rico invaluable y se integrar\u00e1n a la memoria colectiva de Tlaxcala. Para el Archivo es un motivo de orgullo, porque ya no somos solo un espacio de resguardo, sino un lugar vivo que participa activamente en la vida p\u00fablica del Estado\u201d, expres\u00f3.<\/p>\n\n\n\n<p>De esta manera, la \u201cc\u00e1psula del tiempo\u201d se convertir\u00e1 en un puente simb\u00f3lico entre el presente y el futuro de Tlaxcala. Al abrirse dentro de 50 a\u00f1os, permitir\u00e1 a las nuevas generaciones reencontrarse con la vida cotidiana, los valores y las aspiraciones de 2025, recordando que la identidad tlaxcalteca se construye con memoria, orgullo y esperanza compartida.<\/p>\n","protected":false},"excerpt":{"rendered":"<p>\u2022&nbsp;&nbsp;&nbsp;&nbsp;&nbsp;&nbsp;&nbsp;&nbsp;&nbsp; El proyecto, encabezado por el Archivo General del Estado, reunir\u00e1 testimonios, objetos y memorias de la vida cotidiana para compartirlas con las pr\u00f3ximas generaciones En el marco de los festejos por los 500 a\u00f1os de la fundaci\u00f3n de la ciudad de Tlaxcala, la directora del Archivo General e Hist\u00f3rico del Estado de Tlaxcala (AGEHT), [&hellip;]<\/p>\n","protected":false},"author":4,"featured_media":98601,"comment_status":"open","ping_status":"open","sticky":false,"template":"","format":"standard","meta":{"om_disable_all_campaigns":false,"_monsterinsights_skip_tracking":false,"_monsterinsights_sitenote_active":false,"_monsterinsights_sitenote_note":"","_monsterinsights_sitenote_category":0,"jnews-multi-image_gallery":[],"jnews_single_post":{"format":"standard"},"jnews_primary_category":[],"footnotes":""},"categories":[1],"tags":[],"class_list":["post-98600","post","type-post","status-publish","format-standard","has-post-thumbnail","hentry","category-uncategorized"],"aioseo_notices":[],"_links":{"self":[{"href":"https:\/\/estado29.mx\/index.php?rest_route=\/wp\/v2\/posts\/98600","targetHints":{"allow":["GET"]}}],"collection":[{"href":"https:\/\/estado29.mx\/index.php?rest_route=\/wp\/v2\/posts"}],"about":[{"href":"https:\/\/estado29.mx\/index.php?rest_route=\/wp\/v2\/types\/post"}],"author":[{"embeddable":true,"href":"https:\/\/estado29.mx\/index.php?rest_route=\/wp\/v2\/users\/4"}],"replies":[{"embeddable":true,"href":"https:\/\/estado29.mx\/index.php?rest_route=%2Fwp%2Fv2%2Fcomments&post=98600"}],"version-history":[{"count":1,"href":"https:\/\/estado29.mx\/index.php?rest_route=\/wp\/v2\/posts\/98600\/revisions"}],"predecessor-version":[{"id":98602,"href":"https:\/\/estado29.mx\/index.php?rest_route=\/wp\/v2\/posts\/98600\/revisions\/98602"}],"wp:featuredmedia":[{"embeddable":true,"href":"https:\/\/estado29.mx\/index.php?rest_route=\/wp\/v2\/media\/98601"}],"wp:attachment":[{"href":"https:\/\/estado29.mx\/index.php?rest_route=%2Fwp%2Fv2%2Fmedia&parent=98600"}],"wp:term":[{"taxonomy":"category","embeddable":true,"href":"https:\/\/estado29.mx\/index.php?rest_route=%2Fwp%2Fv2%2Fcategories&post=98600"},{"taxonomy":"post_tag","embeddable":true,"href":"https:\/\/estado29.mx\/index.php?rest_route=%2Fwp%2Fv2%2Ftags&post=98600"}],"curies":[{"name":"wp","href":"https:\/\/api.w.org\/{rel}","templated":true}]}}