{"id":98603,"date":"2025-09-19T07:28:16","date_gmt":"2025-09-19T13:28:16","guid":{"rendered":"https:\/\/estado29.mx\/?p=98603"},"modified":"2025-09-19T07:28:17","modified_gmt":"2025-09-19T13:28:17","slug":"arranca-en-tlaxcala-campana-nacional-de-vacunacion-contra-el-virus-del-papiloma-humano-vph-2025","status":"publish","type":"post","link":"https:\/\/estado29.mx\/?p=98603","title":{"rendered":"Arranca en Tlaxcala campa\u00f1a nacional de vacunaci\u00f3n contra el virus del papiloma humano (VPH) 2025"},"content":{"rendered":"\n<p><\/p>\n\n\n\n<p>*Se llevar\u00e1 a cabo del 17 de septiembre al 19 de diciembre de 2025; por primera vez, se extiende la vacuna a los ni\u00f1os en todo el pa\u00eds<\/p>\n\n\n\n<p>En Tlaxcala arranc\u00f3 la Campa\u00f1a Nacional de Vacunaci\u00f3n Contra el Virus del Papiloma Humano (VPH) 2025 con la que se proteger\u00e1n a m\u00e1s de 2.5 millones de ni\u00f1as y ni\u00f1os que cursan el quinto grado y los no escolarizados de 11 a\u00f1os en todo el pa\u00eds. Por primera vez a nivel nacional, la vacuna se aplicar\u00e1 a los ni\u00f1os.<\/p>\n\n\n\n<p>Durante el acto protocolario en Palacio de Gobierno, la gobernadora Lorena Cu\u00e9llar Cisneros destac\u00f3 la importancia de que Tlaxcala sea la sede para el inicio de la vacunaci\u00f3n en el pa\u00eds. \u201cHoy en Tlaxcala nuestras ni\u00f1as y nuestros ni\u00f1os van a poner el ejemplo. Aqu\u00ed se va a empezar esa nueva historia, esa historia donde vamos a cuidar a las ni\u00f1as y los ni\u00f1os, que es muy importante\u201d, recalc\u00f3<\/p>\n\n\n\n<p>En presencia de autoridades del sector salud del gobierno federal la mandataria reconoci\u00f3 el trabajo coordinado que dirige la presidenta de M\u00e9xico Claudia Sheinbaum Pardo para la realizaci\u00f3n de esta campa\u00f1a.<\/p>\n\n\n\n<p>A\u00f1adi\u00f3 que la vacuna es importante para los ni\u00f1os porque \u201csalva vidas para cuidarlos, protegerlos y que, as\u00ed como la presidenta cuida a las ni\u00f1as y a los ni\u00f1os, tambi\u00e9n en este gobierno lo seguiremos cuidando\u201d, afirm\u00f3.<\/p>\n\n\n\n<p>En Tlaxcala, esta vacuna comenz\u00f3 a aplicarse en ni\u00f1as y ni\u00f1os de quinto a\u00f1o de primaria escolarizados y no escolarizados desde el a\u00f1o pasado.<\/p>\n\n\n\n<p>En su mensaje, el secretario de Salud de M\u00e9xico, David Kershenobich Stalnikowitz consider\u00f3 que la participaci\u00f3n de los ni\u00f1os es hist\u00f3rica porque dentro de 10 a\u00f1os aproximadamente se habr\u00e1 logrado eliminar la segunda causa de muerte de mujeres por c\u00e1ncer cervicouterino.<\/p>\n\n\n\n<p>\u201cVen\u00edamos vacunando a las ni\u00f1as y este a\u00f1o, una vez que se alcanz\u00f3 la vacunaci\u00f3n del 95 por ciento, iniciamos la vacunaci\u00f3n de los ni\u00f1os, esta decisi\u00f3n habla de una medida de equidad y hacerlo aqu\u00ed es muy simb\u00f3lico\u201d, recalc\u00f3.&nbsp;<\/p>\n\n\n\n<p>El subsecretario de Pol\u00edticas en Salud y Bienestar Poblacional de la Secretar\u00eda de Salud del Gobierno de M\u00e9xico, Ramiro L\u00f3pez Elizalde, enfatiz\u00f3 que este a\u00f1o se proteger\u00e1n a m\u00e1s de 2.5 millones de ni\u00f1as y ni\u00f1os en todo el pa\u00eds.<\/p>\n\n\n\n<p>\u201cDesde Tlaxcala quiero subrayar que ning\u00fan estado de la Rep\u00fablica est\u00e1 solo en esta tarea. Esta es una estrategia nacional que une a todas las entidades bajo el prop\u00f3sito de cuidar a nuestra ni\u00f1ez y adolescencia. Con esta campa\u00f1a salvamos vidas, construimos un M\u00e9xico m\u00e1s justo, m\u00e1s humano y saludable\u201d, destac\u00f3.<\/p>\n\n\n\n<p>Al reconocer la labor del ej\u00e9rcito de vacunaci\u00f3n conformado por enfermeras y enfermeros, el director General del IMSS- Bienestar del Gobierno de M\u00e9xico, Alejandro Svarch P\u00e9rez, enfatiz\u00f3 que esta campa\u00f1a es hist\u00f3rica por tres razones: \u201cporque por primera vez se extiende la vacuna a los ni\u00f1os, avanzando en la equidad de g\u00e9nero en la salud de car\u00e1cter p\u00fablico; la segunda, porque es una versi\u00f3n reciente que protege contra nueve tipos del VPH y, tercero, porque se tienen disponibles vacunas para mujeres y hombres de 11 a 49 a\u00f1os que viven con VIH\u201d.<\/p>\n\n\n\n<p>Precis\u00f3 que el IMSS-Bienestar aportar\u00e1 la infraestructura humana y material para aplicar un mill\u00f3n de vacunas; m\u00e1s de 15 mil enfermeras se desplegar\u00e1n en 10 mil unidades de salud, llegando a escuelas apartadas y barrios urbanos.<\/p>\n\n\n\n<p>En representaci\u00f3n del titular de la SEP, Mario Delgado Carrillo, Mar\u00eda de los \u00c1ngeles Gordillo Casta\u00f1eda, directora general de Educaci\u00f3n Ind\u00edgena, Intercultural y Biling\u00fce resalt\u00f3 que la acci\u00f3n se realizar\u00e1 en las escuelas primarias del pa\u00eds espec\u00edficamente en ni\u00f1as y ni\u00f1os que cursan el quinto grado y los no escolarizados de 11 a\u00f1os para prevenir un problema de salud p\u00fablica.<\/p>\n\n\n\n<p>La directora de Prestaciones M\u00e9dicas del IMSS, Alva Alejandra Santos Carrillo, en representaci\u00f3n del director del IMSS, Zo\u00e9 Robledo Aburto, celebr\u00f3 que Tlaxcala sea la sede del arranque de la campa\u00f1a de vacunaci\u00f3n contra el VPH. \u201cEs un hito que estemos vacunando de esta manera. Es realmente una innovaci\u00f3n que pocos pa\u00edses tienen. El c\u00e1ncer cervicouterino es prevenible por vacunaci\u00f3n. Es algo verdaderamente hist\u00f3rico que estos ni\u00f1os que est\u00e1n en primaria sean los primeros de una generaci\u00f3n de mexicanos que cuando tengan una edad adulta la enfermedad no ser\u00e1 tan aterradora como lo es hoy\u201d, subray\u00f3.<\/p>\n\n\n\n<p>El secretario de Salud de Tlaxcala, Rigoberto Zamudio Meneses, se\u00f1al\u00f3 que el lanzamiento de esta nueva vacuna de nueve valentes permitir\u00e1 reducir en 10 a\u00f1os cerca del 90 por ciento del c\u00e1ncer cervicouterino que es un compromiso del Gobierno de M\u00e9xico y de la Secretar\u00eda de Salud.<\/p>\n\n\n\n<p>Al concluir el acto protocolario al que asistieron funcionarios del sector educativo y de salud, las autoridades estatales y federales aplicaron la primera dosis de esta campa\u00f1a.<\/p>\n\n\n\n<p>Al evento tambi\u00e9n acudieron el subdirector de prevenci\u00f3n y protecci\u00f3n a la salud del ISSSTE, V\u00edctor Hugo Bautista Hern\u00e1ndez, entre otras autoridades federales, locales y estatales.<\/p>\n","protected":false},"excerpt":{"rendered":"<p>*Se llevar\u00e1 a cabo del 17 de septiembre al 19 de diciembre de 2025; por primera vez, se extiende la vacuna a los ni\u00f1os en todo el pa\u00eds En Tlaxcala arranc\u00f3 la Campa\u00f1a Nacional de Vacunaci\u00f3n Contra el Virus del Papiloma Humano (VPH) 2025 con la que se proteger\u00e1n a m\u00e1s de 2.5 millones de [&hellip;]<\/p>\n","protected":false},"author":4,"featured_media":98604,"comment_status":"open","ping_status":"open","sticky":false,"template":"","format":"standard","meta":{"om_disable_all_campaigns":false,"_monsterinsights_skip_tracking":false,"_monsterinsights_sitenote_active":false,"_monsterinsights_sitenote_note":"","_monsterinsights_sitenote_category":0,"jnews-multi-image_gallery":[],"jnews_single_post":{"format":"standard"},"jnews_primary_category":[],"footnotes":""},"categories":[1],"tags":[],"class_list":["post-98603","post","type-post","status-publish","format-standard","has-post-thumbnail","hentry","category-uncategorized"],"aioseo_notices":[],"_links":{"self":[{"href":"https:\/\/estado29.mx\/index.php?rest_route=\/wp\/v2\/posts\/98603","targetHints":{"allow":["GET"]}}],"collection":[{"href":"https:\/\/estado29.mx\/index.php?rest_route=\/wp\/v2\/posts"}],"about":[{"href":"https:\/\/estado29.mx\/index.php?rest_route=\/wp\/v2\/types\/post"}],"author":[{"embeddable":true,"href":"https:\/\/estado29.mx\/index.php?rest_route=\/wp\/v2\/users\/4"}],"replies":[{"embeddable":true,"href":"https:\/\/estado29.mx\/index.php?rest_route=%2Fwp%2Fv2%2Fcomments&post=98603"}],"version-history":[{"count":1,"href":"https:\/\/estado29.mx\/index.php?rest_route=\/wp\/v2\/posts\/98603\/revisions"}],"predecessor-version":[{"id":98605,"href":"https:\/\/estado29.mx\/index.php?rest_route=\/wp\/v2\/posts\/98603\/revisions\/98605"}],"wp:featuredmedia":[{"embeddable":true,"href":"https:\/\/estado29.mx\/index.php?rest_route=\/wp\/v2\/media\/98604"}],"wp:attachment":[{"href":"https:\/\/estado29.mx\/index.php?rest_route=%2Fwp%2Fv2%2Fmedia&parent=98603"}],"wp:term":[{"taxonomy":"category","embeddable":true,"href":"https:\/\/estado29.mx\/index.php?rest_route=%2Fwp%2Fv2%2Fcategories&post=98603"},{"taxonomy":"post_tag","embeddable":true,"href":"https:\/\/estado29.mx\/index.php?rest_route=%2Fwp%2Fv2%2Ftags&post=98603"}],"curies":[{"name":"wp","href":"https:\/\/api.w.org\/{rel}","templated":true}]}}