{"id":98610,"date":"2025-09-19T13:48:09","date_gmt":"2025-09-19T19:48:09","guid":{"rendered":"https:\/\/estado29.mx\/?p=98610"},"modified":"2025-09-19T13:48:10","modified_gmt":"2025-09-19T19:48:10","slug":"en-tiempo-y-forma-se-evacuo-en-tiempo-establecido-el-segundo-simulacro-nacional-en-la-explanada-del-municipio-de-huamantla","status":"publish","type":"post","link":"https:\/\/estado29.mx\/?p=98610","title":{"rendered":"En tiempo y forma se evacu\u00f3 en tiempo establecido el segundo simulacro nacional en la explanada del municipio de Huamantla."},"content":{"rendered":"<figure class=\"wp-block-post-featured-image\"><img loading=\"lazy\" decoding=\"async\" width=\"1600\" height=\"1200\" src=\"https:\/\/estado29.mx\/wp-content\/uploads\/2025\/09\/WhatsApp-Image-2025-09-19-at-1.47.18-PM.jpeg\" class=\"attachment-post-thumbnail size-post-thumbnail wp-post-image\" alt=\"\" style=\"object-fit:cover;\" srcset=\"https:\/\/estado29.mx\/wp-content\/uploads\/2025\/09\/WhatsApp-Image-2025-09-19-at-1.47.18-PM.jpeg 1600w, https:\/\/estado29.mx\/wp-content\/uploads\/2025\/09\/WhatsApp-Image-2025-09-19-at-1.47.18-PM-300x225.jpeg 300w, https:\/\/estado29.mx\/wp-content\/uploads\/2025\/09\/WhatsApp-Image-2025-09-19-at-1.47.18-PM-1024x768.jpeg 1024w, https:\/\/estado29.mx\/wp-content\/uploads\/2025\/09\/WhatsApp-Image-2025-09-19-at-1.47.18-PM-768x576.jpeg 768w, https:\/\/estado29.mx\/wp-content\/uploads\/2025\/09\/WhatsApp-Image-2025-09-19-at-1.47.18-PM-1536x1152.jpeg 1536w, https:\/\/estado29.mx\/wp-content\/uploads\/2025\/09\/WhatsApp-Image-2025-09-19-at-1.47.18-PM-750x563.jpeg 750w, https:\/\/estado29.mx\/wp-content\/uploads\/2025\/09\/WhatsApp-Image-2025-09-19-at-1.47.18-PM-1140x855.jpeg 1140w\" sizes=\"auto, (max-width: 1600px) 100vw, 1600px\" \/><\/figure>\n\n\n<p>En tiempo y forma se evacuo en tiempo establecido el segundo simulacro nacional, personal del Ayunyamiento a traves del personal de Coordinacion de Protecci\u00f3n civil y elementos de seguridad acompa\u00f1ados de la directora, Gloria Lilia Checa Hern\u00e1ndez, y que todos los ciudadanos fuimos testigos de la alarma que llego a nuestros tel\u00e9fonos alert\u00e1ndonos sobre este Primer Simulacro se hizo un simulacro simultaneo en el destacamento de la Guardia Nacional y en todas las comunidades se llevo efecto. aseguro que hubo coordinaci\u00f3n con las 39 comunidades<\/p>\n\n\n\n<p>Como parte de este ejercicio, se destac\u00f3 la entrevista con el Coordinador de Protecci\u00f3n Civil Municipal, Javier Romero, quien subray\u00f3 la importancia de fomentar la cultura de la prevenci\u00f3n y fortalecer la capacidad de respuesta en situaciones de emergencia.<\/p>\n\n\n\n<p>De manera simult\u00e1nea, tambi\u00e9n se llev\u00f3 a cabo el simulacro en el destacamento de la Guardia Nacional y en las comunidades del municipio, asegurando una participaci\u00f3n coordinada y organizada.<\/p>\n\n\n\n<p>El Gobierno Municipal de Huamantla reafirma su compromiso de seguir trabajando de manera conjunta para salvaguardar la seguridad y bienestar de las familias.<\/p>\n\n\n\n<p><\/p>\n","protected":false},"excerpt":{"rendered":"<p>En tiempo y forma se evacuo en tiempo establecido el segundo simulacro nacional, personal del Ayunyamiento a traves del personal de Coordinacion de Protecci\u00f3n civil y elementos de seguridad acompa\u00f1ados de la directora, Gloria Lilia Checa Hern\u00e1ndez, y que todos los ciudadanos fuimos testigos de la alarma que llego a nuestros tel\u00e9fonos alert\u00e1ndonos sobre este [&hellip;]<\/p>\n","protected":false},"author":9,"featured_media":98611,"comment_status":"open","ping_status":"open","sticky":false,"template":"","format":"standard","meta":{"om_disable_all_campaigns":false,"_monsterinsights_skip_tracking":false,"_monsterinsights_sitenote_active":false,"_monsterinsights_sitenote_note":"","_monsterinsights_sitenote_category":0,"jnews-multi-image_gallery":[],"jnews_single_post":{"format":"standard"},"jnews_primary_category":[],"footnotes":""},"categories":[1],"tags":[],"class_list":["post-98610","post","type-post","status-publish","format-standard","has-post-thumbnail","hentry","category-uncategorized"],"aioseo_notices":[],"_links":{"self":[{"href":"https:\/\/estado29.mx\/index.php?rest_route=\/wp\/v2\/posts\/98610","targetHints":{"allow":["GET"]}}],"collection":[{"href":"https:\/\/estado29.mx\/index.php?rest_route=\/wp\/v2\/posts"}],"about":[{"href":"https:\/\/estado29.mx\/index.php?rest_route=\/wp\/v2\/types\/post"}],"author":[{"embeddable":true,"href":"https:\/\/estado29.mx\/index.php?rest_route=\/wp\/v2\/users\/9"}],"replies":[{"embeddable":true,"href":"https:\/\/estado29.mx\/index.php?rest_route=%2Fwp%2Fv2%2Fcomments&post=98610"}],"version-history":[{"count":1,"href":"https:\/\/estado29.mx\/index.php?rest_route=\/wp\/v2\/posts\/98610\/revisions"}],"predecessor-version":[{"id":98612,"href":"https:\/\/estado29.mx\/index.php?rest_route=\/wp\/v2\/posts\/98610\/revisions\/98612"}],"wp:featuredmedia":[{"embeddable":true,"href":"https:\/\/estado29.mx\/index.php?rest_route=\/wp\/v2\/media\/98611"}],"wp:attachment":[{"href":"https:\/\/estado29.mx\/index.php?rest_route=%2Fwp%2Fv2%2Fmedia&parent=98610"}],"wp:term":[{"taxonomy":"category","embeddable":true,"href":"https:\/\/estado29.mx\/index.php?rest_route=%2Fwp%2Fv2%2Fcategories&post=98610"},{"taxonomy":"post_tag","embeddable":true,"href":"https:\/\/estado29.mx\/index.php?rest_route=%2Fwp%2Fv2%2Ftags&post=98610"}],"curies":[{"name":"wp","href":"https:\/\/api.w.org\/{rel}","templated":true}]}}