{"id":98617,"date":"2025-09-22T07:37:26","date_gmt":"2025-09-22T13:37:26","guid":{"rendered":"https:\/\/estado29.mx\/?p=98617"},"modified":"2025-09-22T07:37:28","modified_gmt":"2025-09-22T13:37:28","slug":"union-de-asociaciones-de-charros-del-estado-de-tlaxcala-anuncia-la-muestra-se-parte-de-la-historia","status":"publish","type":"post","link":"https:\/\/estado29.mx\/?p=98617","title":{"rendered":"Uni\u00f3n de asociaciones de charros del estado de Tlaxcala anuncia la muestra \u201cs\u00e9 parte de la historia\u201d"},"content":{"rendered":"\n<p><\/p>\n\n\n\n<p>\u2022&nbsp;&nbsp;&nbsp;&nbsp;&nbsp;&nbsp;&nbsp;&nbsp;&nbsp; Se desarrollar\u00e1 en tres categor\u00edas: traje de Charra, vestido de adelita y traje de China Poblana<\/p>\n\n\n\n<p>En el marco de los 500 a\u00f1os de la fundaci\u00f3n de la Ciudad de Tlaxcala, la Uni\u00f3n de Asociaciones de Charros del Estado de Tlaxcala, avalada por la Federaci\u00f3n Mexicana de Charrer\u00eda, con el respaldo del Gobierno del Estado y el ayuntamiento de Tlaxcala, anunci\u00f3 la Muestra de Vestidos y Atuendos de Damas Charras \u201cS\u00e9 parte de la historia\u201d, a realizarse el 4 de octubre a las 16:00 horas en el z\u00f3calo capitalino.<\/p>\n\n\n\n<p>En conferencia de prensa desarrollada en el auditorio de la Coordinaci\u00f3n de Comunicaci\u00f3n (CCOM), el presidente de la Uni\u00f3n de Asociaciones de Charros del Estado de Tlaxcala, Isidro Candia Garc\u00eda, indic\u00f3 que el objetivo es sentar un precedente hist\u00f3rico en la entidad respecto a esta tradici\u00f3n.<\/p>\n\n\n\n<p>Mencion\u00f3 que, en esta ocasi\u00f3n, la avenida Ju\u00e1rez se convertir\u00e1 en una pasarela donde 500 mujeres lucir\u00e1n sus vestidos de gala, sombreros charros, botas vaqueras y peinados recogidos.<\/p>\n\n\n\n<p>\u201cEstamos convocando a todas las damas charras de la regi\u00f3n del Altiplano de todo el pa\u00eds. Recordemos que la charrer\u00eda es patrimonio cultural y material del Estado, pero tambi\u00e9n tenemos un reconocimiento por la UNESCO como patrimonio cultural inmaterial de la humanidad\u201d, recalc\u00f3.<\/p>\n\n\n\n<p>Isidro Candia, acompa\u00f1ado por Mar\u00eda Jos\u00e9 Candia Rojano y Mar\u00eda Valentina Candia Rojano, explic\u00f3 que el recorrido que se tiene programado iniciar\u00e1 en el Palacio de Cultura y avanzar\u00e1 hasta el parque de Tlaxcala, donde se llevar\u00e1 a cabo el concierto con Aida Cuevas.<\/p>\n\n\n\n<p>\u201cInvitamos a toda la ciudadan\u00eda, a las mujeres de cualquier edad que tengan un vestido, un atuendo de dama charra se inscriban est\u00e1 abierta la plataforma. (\u2026) Obviamente, tendremos la visita del Presidente de la Federaci\u00f3n Mexicana de Charros junto con su Consejo Directivo. Estar\u00e1 seguramente, la gobernadora, el alcalde y las autoridades disfrutando de esta gran pasarela \u00fanica hist\u00f3rica en Tlaxcala\u201d, afirm\u00f3<\/p>\n\n\n\n<p>Las participantes podr\u00e1n inscribirse en una de las tres categor\u00edas: traje de charra, vestido de adelita y traje de china poblana. \u201cDurante la transmisi\u00f3n del evento, se narrar\u00e1 la historia del traje de china poblana. La conducci\u00f3n estar\u00e1 a cargo de tres damas charras provenientes de la Ciudad de M\u00e9xico y Jalisco, expertas en el vestir y la dignificaci\u00f3n del atuendo charro\u201d, coment\u00f3.<\/p>\n\n\n\n<p>Para el registro, las aspirantes pueden acceder a la p\u00e1gina de Facebook &#8220;Muestra de vestidos y atuendos damas charras&#8221; o escanear un c\u00f3digo QR que dirige a una plataforma digital. El registro es sencillo: se solicita datos generales como nombre, ciudad de origen y agrupaci\u00f3n de charros o escaramuza a la que se pertenece.<\/p>\n\n\n\n<p>Finalmente, Candia Garc\u00eda reiter\u00f3 que el evento es de car\u00e1cter cultural y se enmarca en la celebraci\u00f3n de los 500 a\u00f1os, con la finalidad de posicionar a Tlaxcala en el \u00e1mbito nacional de la charrer\u00eda.<\/p>\n","protected":false},"excerpt":{"rendered":"<p>\u2022&nbsp;&nbsp;&nbsp;&nbsp;&nbsp;&nbsp;&nbsp;&nbsp;&nbsp; Se desarrollar\u00e1 en tres categor\u00edas: traje de Charra, vestido de adelita y traje de China Poblana En el marco de los 500 a\u00f1os de la fundaci\u00f3n de la Ciudad de Tlaxcala, la Uni\u00f3n de Asociaciones de Charros del Estado de Tlaxcala, avalada por la Federaci\u00f3n Mexicana de Charrer\u00eda, con el respaldo del Gobierno del [&hellip;]<\/p>\n","protected":false},"author":4,"featured_media":98618,"comment_status":"open","ping_status":"open","sticky":false,"template":"","format":"standard","meta":{"om_disable_all_campaigns":false,"_monsterinsights_skip_tracking":false,"_monsterinsights_sitenote_active":false,"_monsterinsights_sitenote_note":"","_monsterinsights_sitenote_category":0,"jnews-multi-image_gallery":[],"jnews_single_post":{"format":"standard"},"jnews_primary_category":[],"footnotes":""},"categories":[1],"tags":[],"class_list":["post-98617","post","type-post","status-publish","format-standard","has-post-thumbnail","hentry","category-uncategorized"],"aioseo_notices":[],"_links":{"self":[{"href":"https:\/\/estado29.mx\/index.php?rest_route=\/wp\/v2\/posts\/98617","targetHints":{"allow":["GET"]}}],"collection":[{"href":"https:\/\/estado29.mx\/index.php?rest_route=\/wp\/v2\/posts"}],"about":[{"href":"https:\/\/estado29.mx\/index.php?rest_route=\/wp\/v2\/types\/post"}],"author":[{"embeddable":true,"href":"https:\/\/estado29.mx\/index.php?rest_route=\/wp\/v2\/users\/4"}],"replies":[{"embeddable":true,"href":"https:\/\/estado29.mx\/index.php?rest_route=%2Fwp%2Fv2%2Fcomments&post=98617"}],"version-history":[{"count":1,"href":"https:\/\/estado29.mx\/index.php?rest_route=\/wp\/v2\/posts\/98617\/revisions"}],"predecessor-version":[{"id":98619,"href":"https:\/\/estado29.mx\/index.php?rest_route=\/wp\/v2\/posts\/98617\/revisions\/98619"}],"wp:featuredmedia":[{"embeddable":true,"href":"https:\/\/estado29.mx\/index.php?rest_route=\/wp\/v2\/media\/98618"}],"wp:attachment":[{"href":"https:\/\/estado29.mx\/index.php?rest_route=%2Fwp%2Fv2%2Fmedia&parent=98617"}],"wp:term":[{"taxonomy":"category","embeddable":true,"href":"https:\/\/estado29.mx\/index.php?rest_route=%2Fwp%2Fv2%2Fcategories&post=98617"},{"taxonomy":"post_tag","embeddable":true,"href":"https:\/\/estado29.mx\/index.php?rest_route=%2Fwp%2Fv2%2Ftags&post=98617"}],"curies":[{"name":"wp","href":"https:\/\/api.w.org\/{rel}","templated":true}]}}