{"id":98660,"date":"2025-09-24T07:16:10","date_gmt":"2025-09-24T13:16:10","guid":{"rendered":"https:\/\/estado29.mx\/?p=98660"},"modified":"2025-09-24T07:16:12","modified_gmt":"2025-09-24T13:16:12","slug":"sepe-uset-y-sipinna-acuerdan-acciones-para-consolidar-entornos-educativos-seguros-en-tlaxcala","status":"publish","type":"post","link":"https:\/\/estado29.mx\/?p=98660","title":{"rendered":"SEPE-USET y SIPINNA acuerdan acciones para consolidar entornos educativos seguros en Tlaxcala"},"content":{"rendered":"\n<p><\/p>\n\n\n\n<p>\u2022&nbsp;&nbsp;&nbsp;&nbsp;&nbsp;&nbsp;&nbsp;&nbsp;&nbsp; Firman convenio para fortalecer la atenci\u00f3n a la salud mental y el bienestar escolar con estrategias preventivas, orientaci\u00f3n integral y seguimiento oportuno a casos de riesgo<\/p>\n\n\n\n<p>La Secretar\u00eda de Educaci\u00f3n P\u00fablica del Estado y la Unidad de Servicios Educativos del Estado de Tlaxcala (SEPE-USET) firmaron un convenio de colaboraci\u00f3n con el Sistema Estatal de Protecci\u00f3n Integral de Ni\u00f1as, Ni\u00f1os y Adolescentes (SIPINNA Tlaxcala), con el prop\u00f3sito de fortalecer la atenci\u00f3n y bienestar de la ni\u00f1ez y adolescencia en la entidad en el entorno escolar.<\/p>\n\n\n\n<p>El acuerdo establece la coordinaci\u00f3n interinstitucional para impulsar programas que garanticen ambientes escolares seguros y libres de violencia.<\/p>\n\n\n\n<p>Durante la firma, realizada en la Sala de Juntas \u201cCrisanto Cu\u00e9llar Abaroa\u201d, el director de Gesti\u00f3n Institucional de la SEPE-USET, Raciel S\u00e1nchez Rinc\u00f3n, subray\u00f3 que este convenio permitir\u00e1 erradicar malas pr\u00e1cticas contra la comunidad estudiantil y consolidar un sistema educativo m\u00e1s inclusivo y protector.<\/p>\n\n\n\n<p>Por su parte, la secretaria ejecutiva de SIPINNA en Tlaxcala, Bel\u00e9n Vega Ahuatzin, se\u00f1al\u00f3 que el convenio simboliza un compromiso para atender de manera inmediata los casos de violencia escolar, mediante estad\u00edsticas confiables, seguimiento oportuno y la canalizaci\u00f3n de cada caso hacia las instancias correspondientes.<\/p>\n\n\n\n<p>En tanto, la titular de la Unidad de G\u00e9nero y Cultura de Paz de la SEPE-USET, Evelyn Ram\u00edrez Herrera, explic\u00f3 que el esfuerzo conjunto contempla pl\u00e1ticas preventivas, campa\u00f1as de sensibilizaci\u00f3n, orientaci\u00f3n integral, mesas de trabajo y evaluaciones peri\u00f3dicas, adem\u00e1s de impulsar estrategias para fortalecer la salud f\u00edsica, mental y emocional de la comunidad educativa.<\/p>\n\n\n\n<p>Con este convenio, Tlaxcala avanza en la construcci\u00f3n de entornos seguros que garanticen el inter\u00e9s superior de ni\u00f1as, ni\u00f1os y adolescentes, colocando su bienestar en el centro de la pol\u00edtica educativa y social.<\/p>\n","protected":false},"excerpt":{"rendered":"<p>\u2022&nbsp;&nbsp;&nbsp;&nbsp;&nbsp;&nbsp;&nbsp;&nbsp;&nbsp; Firman convenio para fortalecer la atenci\u00f3n a la salud mental y el bienestar escolar con estrategias preventivas, orientaci\u00f3n integral y seguimiento oportuno a casos de riesgo La Secretar\u00eda de Educaci\u00f3n P\u00fablica del Estado y la Unidad de Servicios Educativos del Estado de Tlaxcala (SEPE-USET) firmaron un convenio de colaboraci\u00f3n con el Sistema Estatal de [&hellip;]<\/p>\n","protected":false},"author":4,"featured_media":98661,"comment_status":"open","ping_status":"open","sticky":false,"template":"","format":"standard","meta":{"om_disable_all_campaigns":false,"_monsterinsights_skip_tracking":false,"_monsterinsights_sitenote_active":false,"_monsterinsights_sitenote_note":"","_monsterinsights_sitenote_category":0,"jnews-multi-image_gallery":[],"jnews_single_post":{"format":"standard"},"jnews_primary_category":[],"footnotes":""},"categories":[1],"tags":[],"class_list":["post-98660","post","type-post","status-publish","format-standard","has-post-thumbnail","hentry","category-uncategorized"],"aioseo_notices":[],"_links":{"self":[{"href":"https:\/\/estado29.mx\/index.php?rest_route=\/wp\/v2\/posts\/98660","targetHints":{"allow":["GET"]}}],"collection":[{"href":"https:\/\/estado29.mx\/index.php?rest_route=\/wp\/v2\/posts"}],"about":[{"href":"https:\/\/estado29.mx\/index.php?rest_route=\/wp\/v2\/types\/post"}],"author":[{"embeddable":true,"href":"https:\/\/estado29.mx\/index.php?rest_route=\/wp\/v2\/users\/4"}],"replies":[{"embeddable":true,"href":"https:\/\/estado29.mx\/index.php?rest_route=%2Fwp%2Fv2%2Fcomments&post=98660"}],"version-history":[{"count":1,"href":"https:\/\/estado29.mx\/index.php?rest_route=\/wp\/v2\/posts\/98660\/revisions"}],"predecessor-version":[{"id":98662,"href":"https:\/\/estado29.mx\/index.php?rest_route=\/wp\/v2\/posts\/98660\/revisions\/98662"}],"wp:featuredmedia":[{"embeddable":true,"href":"https:\/\/estado29.mx\/index.php?rest_route=\/wp\/v2\/media\/98661"}],"wp:attachment":[{"href":"https:\/\/estado29.mx\/index.php?rest_route=%2Fwp%2Fv2%2Fmedia&parent=98660"}],"wp:term":[{"taxonomy":"category","embeddable":true,"href":"https:\/\/estado29.mx\/index.php?rest_route=%2Fwp%2Fv2%2Fcategories&post=98660"},{"taxonomy":"post_tag","embeddable":true,"href":"https:\/\/estado29.mx\/index.php?rest_route=%2Fwp%2Fv2%2Ftags&post=98660"}],"curies":[{"name":"wp","href":"https:\/\/api.w.org\/{rel}","templated":true}]}}