{"id":98666,"date":"2025-09-25T07:21:46","date_gmt":"2025-09-25T13:21:46","guid":{"rendered":"https:\/\/estado29.mx\/?p=98666"},"modified":"2025-09-25T07:21:48","modified_gmt":"2025-09-25T13:21:48","slug":"aprehende-fgje-a-hombre-por-homicidio-calificado-y-lesiones-calificadas","status":"publish","type":"post","link":"https:\/\/estado29.mx\/?p=98666","title":{"rendered":"Aprehende FGJE a hombre por homicidio calificado y lesiones calificadas"},"content":{"rendered":"\n<p><\/p>\n\n\n\n<p>* Los hechos ocurrieron el 21 de julio de 2024, en el municipio de Huamantla.<\/p>\n\n\n\n<p>La Polic\u00eda de Investigaci\u00f3n de la Fiscal\u00eda General de Justicia del Estado (FGJE) aprehendi\u00f3 a Jonathan Alejandro N. por los delitos de homicidio calificado y lesiones calificadas, por los hechos ocurridos el 21 de julio de 2024 en el municipio de Huamantla.<\/p>\n\n\n\n<p>De acuerdo con la investigaci\u00f3n, los hechos tuvieron lugar en el fraccionamiento \u201cLa Esmeralda\u201d, ubicado en el barrio de San Sebasti\u00e1n, donde el investigado lesion\u00f3 con un arma punzocortante a una v\u00edctima en el cuello, provoc\u00e1ndole la muerte a causa de un choque hipovol\u00e9mico, secundario a la laceraci\u00f3n de la arteria car\u00f3tida externa derecha; adem\u00e1s, de agredir f\u00edsicamente a otro hombre, caus\u00e1ndole diversas lesiones.<\/p>\n\n\n\n<p>Tras tomar conocimiento de los hechos, el Ministerio P\u00fablico inici\u00f3 la carpeta de investigaci\u00f3n correspondiente y present\u00f3 los datos de prueba ante el Juez de Control, quien determin\u00f3 que eran suficientes para librar el mandamiento judicial de aprehensi\u00f3n.<\/p>\n\n\n\n<p>Como parte de las diligencias, elementos de la Polic\u00eda de Investigaci\u00f3n implementaron un operativo de b\u00fasqueda y lograron localizar al imputado en el estado de Chihuahua. Ante ello, se solicit\u00f3 el apoyo de la Fiscal\u00eda de dicha entidad para llevar a cabo la detenci\u00f3n.<\/p>\n\n\n\n<p>Gracias a labores conjuntas de inteligencia, agentes de ambas corporaciones lograron la aprehensi\u00f3n de Jonathan Alejandro N. en Ciudad Ju\u00e1rez. Posteriormente, fue trasladado al estado de Tlaxcala, donde enfrentar\u00e1 su proceso legal.<\/p>\n\n\n\n<p>La Fiscal\u00eda General de Justicia del Estado reitera su compromiso de trabajar de manera coordinada con las fiscal\u00edas y procuradur\u00edas del pa\u00eds, con el objetivo de que toda persona que cometa actos delictivos sea presentada ante un Juez.<\/p>\n\n\n\n<figure class=\"wp-block-embed\"><div class=\"wp-block-embed__wrapper\">\nhttps:\/\/www.facebook.com\/share\/v\/177NYEW7pi\/?mibextid=wwXIfr\n<\/div><\/figure>\n\n\n\n<p><\/p>\n","protected":false},"excerpt":{"rendered":"<p>* Los hechos ocurrieron el 21 de julio de 2024, en el municipio de Huamantla. La Polic\u00eda de Investigaci\u00f3n de la Fiscal\u00eda General de Justicia del Estado (FGJE) aprehendi\u00f3 a Jonathan Alejandro N. por los delitos de homicidio calificado y lesiones calificadas, por los hechos ocurridos el 21 de julio de 2024 en el municipio [&hellip;]<\/p>\n","protected":false},"author":4,"featured_media":98667,"comment_status":"open","ping_status":"open","sticky":false,"template":"","format":"standard","meta":{"om_disable_all_campaigns":false,"_monsterinsights_skip_tracking":false,"_monsterinsights_sitenote_active":false,"_monsterinsights_sitenote_note":"","_monsterinsights_sitenote_category":0,"jnews-multi-image_gallery":[],"jnews_single_post":{"format":"standard"},"jnews_primary_category":[],"footnotes":""},"categories":[1],"tags":[],"class_list":["post-98666","post","type-post","status-publish","format-standard","has-post-thumbnail","hentry","category-uncategorized"],"aioseo_notices":[],"_links":{"self":[{"href":"https:\/\/estado29.mx\/index.php?rest_route=\/wp\/v2\/posts\/98666","targetHints":{"allow":["GET"]}}],"collection":[{"href":"https:\/\/estado29.mx\/index.php?rest_route=\/wp\/v2\/posts"}],"about":[{"href":"https:\/\/estado29.mx\/index.php?rest_route=\/wp\/v2\/types\/post"}],"author":[{"embeddable":true,"href":"https:\/\/estado29.mx\/index.php?rest_route=\/wp\/v2\/users\/4"}],"replies":[{"embeddable":true,"href":"https:\/\/estado29.mx\/index.php?rest_route=%2Fwp%2Fv2%2Fcomments&post=98666"}],"version-history":[{"count":1,"href":"https:\/\/estado29.mx\/index.php?rest_route=\/wp\/v2\/posts\/98666\/revisions"}],"predecessor-version":[{"id":98668,"href":"https:\/\/estado29.mx\/index.php?rest_route=\/wp\/v2\/posts\/98666\/revisions\/98668"}],"wp:featuredmedia":[{"embeddable":true,"href":"https:\/\/estado29.mx\/index.php?rest_route=\/wp\/v2\/media\/98667"}],"wp:attachment":[{"href":"https:\/\/estado29.mx\/index.php?rest_route=%2Fwp%2Fv2%2Fmedia&parent=98666"}],"wp:term":[{"taxonomy":"category","embeddable":true,"href":"https:\/\/estado29.mx\/index.php?rest_route=%2Fwp%2Fv2%2Fcategories&post=98666"},{"taxonomy":"post_tag","embeddable":true,"href":"https:\/\/estado29.mx\/index.php?rest_route=%2Fwp%2Fv2%2Ftags&post=98666"}],"curies":[{"name":"wp","href":"https:\/\/api.w.org\/{rel}","templated":true}]}}