{"id":98672,"date":"2025-09-25T07:44:23","date_gmt":"2025-09-25T13:44:23","guid":{"rendered":"https:\/\/estado29.mx\/?p=98672"},"modified":"2025-09-25T07:44:25","modified_gmt":"2025-09-25T13:44:25","slug":"foro-automotriz-tlaxcala-referente-nacional-en-la-transicion-hacia-la-electromovilidad","status":"publish","type":"post","link":"https:\/\/estado29.mx\/?p=98672","title":{"rendered":"Foro automotriz Tlaxcala, referente nacional en la transici\u00f3n hacia la electromovilidad"},"content":{"rendered":"\n<p><\/p>\n\n\n\n<p>\u2022La Sedeco present\u00f3 el primer autom\u00f3vil TT (Totalmente Tlaxcalteca) 100% el\u00e9ctrico, dise\u00f1ado y fabricado en la entidad, con componentes mexicanos y cero emisiones<\/p>\n\n\n\n<p>Al inaugurar la onceava edici\u00f3n del Foro Automotriz Tlaxcala 2025, la gobernadora Lorena Cu\u00e9llar Cisneros asegur\u00f3 que el crecimiento econ\u00f3mico solo cobra sentido cuando se traduce en bienestar social, y destac\u00f3 que este encuentro es ya un referente nacional para dialogar sobre el futuro de la industria automotriz y su transici\u00f3n hacia la movilidad el\u00e9ctrica.<\/p>\n\n\n\n<p>\u201cEn Tlaxcala estamos demostrando que el desarrollo no solo significa atraer inversiones, sino tambi\u00e9n respaldar a quienes ya han apostado por nuestro estado. Crecemos fortaleciendo a las grandes empresas, pero tambi\u00e9n acompa\u00f1amos con firmeza a nuestras micro, peque\u00f1as y medianas industrias. Esa es la ruta de la prosperidad compartida\u201d, afirm\u00f3 Cu\u00e9llar Cisneros.<\/p>\n\n\n\n<p>Desde el Centro de Convenciones de la capital, la gobernadora record\u00f3 que el sector automotriz genera m\u00e1s de 13 mil empleos directos en la entidad, con la presencia de 50 industrias y la confianza de inversionistas de 13 pa\u00edses.<\/p>\n\n\n\n<p>En ese sentido, destac\u00f3 que el Foro Automotriz 2025 ser\u00e1 un punto de encuentro estrat\u00e9gico que reunir\u00e1 a 29 empresas compradoras, m\u00e1s de 50 expositores de Mipymes y ocho conferencias magistrales con expertos internacionales.<\/p>\n\n\n\n<p>Cu\u00e9llar Cisneros refrend\u00f3 su compromiso de consolidar la visi\u00f3n de que el progreso econ\u00f3mico debe colocar a las personas en el centro. \u201cLo hacemos juntos: empresas, academia, trabajadores y sociedad civil. Al sumar esfuerzos, no solo generamos empleos e inversiones, tambi\u00e9n construimos bienestar y oportunidades para todas las familias\u201d, puntualiz\u00f3.<\/p>\n\n\n\n<p>En su intervenci\u00f3n, el secretario de Desarrollo Econ\u00f3mico, Javier Marroqu\u00edn Calder\u00f3n, present\u00f3 el primer autom\u00f3vil 100% el\u00e9ctrico dise\u00f1ado y fabricado en Tlaxcala, el modelo TT (Totalmente Tlaxcalteca), resultado de dos a\u00f1os de trabajo y con 80% de componentes mexicanos. Destac\u00f3 que se trata de un proyecto privado con respaldo del gobierno estatal, que simboliza un paso firme hacia la electromovilidad y un futuro sustentable, al tratarse de un veh\u00edculo con cero emisiones contaminantes.<\/p>\n\n\n\n<p>Marroqu\u00edn subray\u00f3 que este avance refleja la capacidad e innovaci\u00f3n de las empresas locales y coloca a Tlaxcala en el mapa de la transici\u00f3n energ\u00e9tica. Detall\u00f3 que la producci\u00f3n arrancar\u00e1 con 20 unidades por semana y que el lanzamiento oficial ser\u00e1 en diciembre, en un evento que, asegur\u00f3, mostrar\u00e1 al pa\u00eds y al mundo el talento y el orgullo de la industria tlaxcalteca.<\/p>\n\n\n\n<p>En tanto, V\u00edctor Cota Elorriaga, presidente del Cl\u00faster Automotriz Zona Centro, destac\u00f3 que el sector se mantiene como uno de los pilares m\u00e1s s\u00f3lidos de la econom\u00eda nacional, con M\u00e9xico posicionado como el cuarto productor de autopartes en el mundo y el primero en Am\u00e9rica Latina.<\/p>\n\n\n\n<p>\u201cGeneramos m\u00e1s de 2 millones de empleos directos con una cadena de proveedur\u00eda robusta que se extiende por todo el pa\u00eds. Aqu\u00ed en Tlaxcala hemos encontrado grandes aliados y es un honor ver la fortaleza, la direcci\u00f3n y el liderazgo de la gobernadora Lorena Cu\u00e9llar en este sector\u201d, expres\u00f3.<\/p>\n\n\n\n<p>Cota Elorriaga subray\u00f3 que, en el caso de Tlaxcala, la industria de autopartes aporta m\u00e1s del 20 por ciento del empleo manufacturero estatal y exportaciones superiores a los 350 millones de d\u00f3lares anuales.<\/p>\n\n\n\n<p>A\u00f1adi\u00f3 que, en coordinaci\u00f3n con la Secretar\u00eda de Desarrollo Econ\u00f3mico de Tlaxcala, se gener\u00f3 una estrategia integral de atracci\u00f3n de inversiones en la regi\u00f3n, que identifica seis l\u00edneas prioritarias de acci\u00f3n, como la modernizaci\u00f3n de parques industriales, la atracci\u00f3n de proveedores de alto valor y la preparaci\u00f3n para la revisi\u00f3n del T-MEC en 2026.<\/p>\n\n\n\n<p>El Foro Automotriz Tlaxcala 2025 contempla una agenda de actividades con paneles y conferencias que abordaron los principales retos y oportunidades del sector con la participaci\u00f3n de especialistas como Genaro Montes D\u00edaz y Eusebio Hidalgo Flores, as\u00ed como ponencias sobre Inteligencia Artificial en la industria, a cargo de Victa Wewerinke, y Electromovilidad Viable, presentada por Roberto Samuel Gottfried Blackmore.<\/p>\n\n\n\n<p>Tambi\u00e9n se desarrollaron conferencias sobre: Las relaciones econ\u00f3micas entre M\u00e9xico y Alemania (Bj\u00f6rn Lisker), La especializaci\u00f3n del talento para la revoluci\u00f3n industrial (Ana Lilia Barbosa Villase\u00f1or), Microgrid y eficiencia energ\u00e9tica (Juan Jos\u00e9 Rodr\u00edguez Lozada), Manufactura esbelta para la competitividad exportadora (Dante Cortez) y Sustentabilidad automotriz y tendencias globales (Gabriel Padilla Maya).<\/p>\n\n\n\n<p>A la inauguraci\u00f3n asistieron la presidenta honor\u00edfica del Comit\u00e9 Consultivo de Bienestar, Fernanda Espinosa de los Monteros Cu\u00e9llar; la diputada Maribel Le\u00f3n Cruz, presidenta de la Mesa Directiva del Congreso del Estado; el oficial Mayor de Gobierno; Ramiro Vivanco Chedraui; el representante en Tlaxcala y Puebla de la C\u00e1mara Mexicana-Alemana en M\u00e9xico de Comercio e Industria (Camexa), Dirk Petersen; secretarios de desarrollo econ\u00f3mico del pa\u00eds, empresarios, funcionarios y estudiantes de carreras afines a la industria automotriz.<\/p>\n","protected":false},"excerpt":{"rendered":"<p>\u2022La Sedeco present\u00f3 el primer autom\u00f3vil TT (Totalmente Tlaxcalteca) 100% el\u00e9ctrico, dise\u00f1ado y fabricado en la entidad, con componentes mexicanos y cero emisiones Al inaugurar la onceava edici\u00f3n del Foro Automotriz Tlaxcala 2025, la gobernadora Lorena Cu\u00e9llar Cisneros asegur\u00f3 que el crecimiento econ\u00f3mico solo cobra sentido cuando se traduce en bienestar social, y destac\u00f3 que [&hellip;]<\/p>\n","protected":false},"author":4,"featured_media":98673,"comment_status":"open","ping_status":"open","sticky":false,"template":"","format":"standard","meta":{"om_disable_all_campaigns":false,"_monsterinsights_skip_tracking":false,"_monsterinsights_sitenote_active":false,"_monsterinsights_sitenote_note":"","_monsterinsights_sitenote_category":0,"jnews-multi-image_gallery":[],"jnews_single_post":{"format":"standard"},"jnews_primary_category":[],"footnotes":""},"categories":[1],"tags":[],"class_list":["post-98672","post","type-post","status-publish","format-standard","has-post-thumbnail","hentry","category-uncategorized"],"aioseo_notices":[],"_links":{"self":[{"href":"https:\/\/estado29.mx\/index.php?rest_route=\/wp\/v2\/posts\/98672","targetHints":{"allow":["GET"]}}],"collection":[{"href":"https:\/\/estado29.mx\/index.php?rest_route=\/wp\/v2\/posts"}],"about":[{"href":"https:\/\/estado29.mx\/index.php?rest_route=\/wp\/v2\/types\/post"}],"author":[{"embeddable":true,"href":"https:\/\/estado29.mx\/index.php?rest_route=\/wp\/v2\/users\/4"}],"replies":[{"embeddable":true,"href":"https:\/\/estado29.mx\/index.php?rest_route=%2Fwp%2Fv2%2Fcomments&post=98672"}],"version-history":[{"count":1,"href":"https:\/\/estado29.mx\/index.php?rest_route=\/wp\/v2\/posts\/98672\/revisions"}],"predecessor-version":[{"id":98674,"href":"https:\/\/estado29.mx\/index.php?rest_route=\/wp\/v2\/posts\/98672\/revisions\/98674"}],"wp:featuredmedia":[{"embeddable":true,"href":"https:\/\/estado29.mx\/index.php?rest_route=\/wp\/v2\/media\/98673"}],"wp:attachment":[{"href":"https:\/\/estado29.mx\/index.php?rest_route=%2Fwp%2Fv2%2Fmedia&parent=98672"}],"wp:term":[{"taxonomy":"category","embeddable":true,"href":"https:\/\/estado29.mx\/index.php?rest_route=%2Fwp%2Fv2%2Fcategories&post=98672"},{"taxonomy":"post_tag","embeddable":true,"href":"https:\/\/estado29.mx\/index.php?rest_route=%2Fwp%2Fv2%2Ftags&post=98672"}],"curies":[{"name":"wp","href":"https:\/\/api.w.org\/{rel}","templated":true}]}}